{"id":7189,"date":"2017-03-08T18:26:29","date_gmt":"2017-03-08T21:26:29","guid":{"rendered":"http:\/\/gravuragaleria1.tempsite.ws\/?p=7189"},"modified":"2018-08-17T15:02:32","modified_gmt":"2018-08-17T18:02:32","slug":"exposicao-coletiva-atlantida-arte-em-porto-alegre-2017","status":"publish","type":"post","link":"https:\/\/www.gravuragaleria.com.br\/?p=7189","title":{"rendered":"Atl\u00e2ntida Arte em Porto Alegre 2017"},"content":{"rendered":"<p>No dia internacional da mulher, a Gravura Galeria abre a exposi\u00e7\u00e3o coletiva Atl\u00e2ntida Arte em Porto Alegre com atra\u00e7\u00f5es especiais<\/p>\n<p>Depois de movimentar o Litoral Norte, o ciclo Atl\u00e2ntida Arte vem para seu tradicional per\u00edodo &#8220;p\u00f3s-praia&#8221; em Porto Alegre. A partir do dia 8 de mar\u00e7o, o trabalho dos artistas participantes da exposi\u00e7\u00e3o coletiva organizada pela Gravura Galeria poder\u00e1 ser conferido no endere\u00e7o da Rua Corte Real, 647, bairro Petr\u00f3polis. A mostra ficar\u00e1 em cartaz at\u00e9 o dia 1\u00ba de abril, de segundas \u00e0s sextas, das 9h30 \u00e0s 18h30, e s\u00e1bados, das 9h30 \u00e0s 13h30. Os artistas participantes da mostra s\u00e3o: Antonio Soriano, Biba Mattos, Breno Nora, Britto Velho, Clara Pechansky, Clarissa Fabr\u00edcio, Kika Herrmann, Let\u00edcia Ilha Demeuse, Lisette Guerra, Lorena Steiner, Magna Sperb, Marcelo H\u00fcbner, M\u00e1rcia Marostega, Maria Ines Rodrigues, Maria Luiza Cangeri, Mariana Sperotto, Mar\u00edlia Chartune, Marion Lunke, Miriam Garcia, Ondina Pozoco, Paulo Amaral, Rejane Karam, Rita Chang, Rosamaria Feltrin, Roseli Deon, Silvana Botter Maio Rocha, Solange Caldas, Susan Mendes, Suzi Etchepare, Thais Cassel, Tity Pons e Vitoria Ribas.<br \/>\nO coquetel de abertura ser\u00e1 quarta feira dia 8, das 18h \u00e0s 20h e contar\u00e1 com diversas atra\u00e7\u00f5es para as mulheres comemorarem seu dia:<br \/>\nDicas de maquiagem com Lisiane Pereira<br \/>\nDicas de como posar para fotos com Lisa Roos<br \/>\nMartha Poetsch Design estar\u00e1 expondo suas novidades<br \/>\nOs professores das oficinas de arte &#8211; Let\u00edcia Lau, Rodrigo Corr\u00eaa, Rosali Plentz e Stella Copstein Courtes &#8211; estar\u00e3o dando informa\u00e7\u00f5es sobre os cursos.<br \/>\nServi\u00e7o<br \/>\nExposi\u00e7\u00e3o coletiva Atl\u00e2ntida Arte em Porto Alegre<br \/>\nAbertura: 8 de mar\u00e7o de 2017, \u00e0s 19h<br \/>\nVisita\u00e7\u00e3o: at\u00e9 1\u00ba de abril de 2017, de segundas \u00e0s sextas, das 9h30 \u00e0s 18h30, e s\u00e1bados, das 9h30 \u00e0s 13h30<br \/>\nRealiza\u00e7\u00e3o: Galeria Gravura<br \/>\nRua Corte Real, 647 | Petr\u00f3polis | Porto Alegre<br \/>\nwww.gravuragaleria.com.br | gravura@gravuragaleria.com.br<\/p>\n<p>Fone: (51) 3333-1946 ou (51) 99718-9258mira\u00e7\u00e3o pela natureza e uma forma se conectar com ela e perpetuar lembran\u00e7as gostosas do tempo de menina.<\/p>\n<p>&nbsp;<\/p>\n\n\t\t<style type=\"text\/css\">\n\t\t\t#gallery-1 {\n\t\t\t\tmargin: auto;\n\t\t\t}\n\t\t\t#gallery-1 .gallery-item {\n\t\t\t\tfloat: left;\n\t\t\t\tmargin-top: 10px;\n\t\t\t\ttext-align: center;\n\t\t\t\twidth: 20%;\n\t\t\t}\n\t\t\t#gallery-1 img {\n\t\t\t\tborder: 2px solid #cfcfcf;\n\t\t\t}\n\t\t\t#gallery-1 .gallery-caption {\n\t\t\t\tmargin-left: 0;\n\t\t\t}\n\t\t\t\/* see gallery_shortcode() in wp-includes\/media.php *\/\n\t\t<\/style>\n\t\t<div id='gallery-1' class='gallery galleryid-7189 gallery-columns-5 gallery-size-thumbnail'><dl class='gallery-item'>\n\t\t\t<dt class='gallery-icon portrait'>\n\t\t\t\t<a href='https:\/\/www.gravuragaleria.com.br\/wp-content\/uploads\/2018\/06\/FLYERAtlARTEemPOAfinal.jpg'><img loading=\"lazy\" decoding=\"async\" width=\"80\" height=\"80\" src=\"https:\/\/www.gravuragaleria.com.br\/wp-content\/uploads\/2018\/06\/FLYERAtlARTEemPOAfinal-80x80.jpg\" class=\"attachment-thumbnail size-thumbnail\" alt=\"\" srcset=\"https:\/\/www.gravuragaleria.com.br\/wp-content\/uploads\/2018\/06\/FLYERAtlARTEemPOAfinal-80x80.jpg 80w, https:\/\/www.gravuragaleria.com.br\/wp-content\/uploads\/2018\/06\/FLYERAtlARTEemPOAfinal-36x36.jpg 36w, https:\/\/www.gravuragaleria.com.br\/wp-content\/uploads\/2018\/06\/FLYERAtlARTEemPOAfinal-180x180.jpg 180w, https:\/\/www.gravuragaleria.com.br\/wp-content\/uploads\/2018\/06\/FLYERAtlARTEemPOAfinal-120x120.jpg 120w, https:\/\/www.gravuragaleria.com.br\/wp-content\/uploads\/2018\/06\/FLYERAtlARTEemPOAfinal-450x450.jpg 450w\" sizes=\"auto, (max-width: 80px) 100vw, 80px\" \/><\/a>\n\t\t\t<\/dt><\/dl>\n\t\t\t<br style='clear: both' \/>\n\t\t<\/div>\n\n<p>&nbsp;<\/p>\n","protected":false},"excerpt":{"rendered":"<p>No dia internacional da mulher, a Gravura Galeria abre a exposi\u00e7\u00e3o coletiva Atl\u00e2ntida Arte em Porto Alegre com atra\u00e7\u00f5es especiais Depois de movimentar o Litoral Norte, o ciclo Atl\u00e2ntida Arte vem para seu tradicional per\u00edodo &#8220;p\u00f3s-praia&#8221; em Porto Alegre. A partir do dia 8 de mar\u00e7o, o trabalho dos artistas participantes da exposi\u00e7\u00e3o coletiva organizada [&hellip;]<\/p>\n","protected":false},"author":2,"featured_media":3470,"comment_status":"closed","ping_status":"closed","sticky":false,"template":"","format":"standard","meta":{"footnotes":""},"categories":[5],"tags":[],"class_list":["post-7189","post","type-post","status-publish","format-standard","has-post-thumbnail","hentry","category-atlantida-arte"],"_links":{"self":[{"href":"https:\/\/www.gravuragaleria.com.br\/index.php?rest_route=\/wp\/v2\/posts\/7189","targetHints":{"allow":["GET"]}}],"collection":[{"href":"https:\/\/www.gravuragaleria.com.br\/index.php?rest_route=\/wp\/v2\/posts"}],"about":[{"href":"https:\/\/www.gravuragaleria.com.br\/index.php?rest_route=\/wp\/v2\/types\/post"}],"author":[{"embeddable":true,"href":"https:\/\/www.gravuragaleria.com.br\/index.php?rest_route=\/wp\/v2\/users\/2"}],"replies":[{"embeddable":true,"href":"https:\/\/www.gravuragaleria.com.br\/index.php?rest_route=%2Fwp%2Fv2%2Fcomments&post=7189"}],"version-history":[{"count":6,"href":"https:\/\/www.gravuragaleria.com.br\/index.php?rest_route=\/wp\/v2\/posts\/7189\/revisions"}],"predecessor-version":[{"id":7774,"href":"https:\/\/www.gravuragaleria.com.br\/index.php?rest_route=\/wp\/v2\/posts\/7189\/revisions\/7774"}],"wp:featuredmedia":[{"embeddable":true,"href":"https:\/\/www.gravuragaleria.com.br\/index.php?rest_route=\/wp\/v2\/media\/3470"}],"wp:attachment":[{"href":"https:\/\/www.gravuragaleria.com.br\/index.php?rest_route=%2Fwp%2Fv2%2Fmedia&parent=7189"}],"wp:term":[{"taxonomy":"category","embeddable":true,"href":"https:\/\/www.gravuragaleria.com.br\/index.php?rest_route=%2Fwp%2Fv2%2Fcategories&post=7189"},{"taxonomy":"post_tag","embeddable":true,"href":"https:\/\/www.gravuragaleria.com.br\/index.php?rest_route=%2Fwp%2Fv2%2Ftags&post=7189"}],"curies":[{"name":"wp","href":"https:\/\/api.w.org\/{rel}","templated":true}]}}