{"id":7118,"date":"2018-03-17T17:53:46","date_gmt":"2018-03-17T20:53:46","guid":{"rendered":"http:\/\/gravuragaleria1.tempsite.ws\/?p=7118"},"modified":"2018-08-17T09:54:25","modified_gmt":"2018-08-17T12:54:25","slug":"exposicao-coletiva-atlantida-arte-em-porto-alegre-2018","status":"publish","type":"post","link":"https:\/\/www.gravuragaleria.com.br\/?p=7118","title":{"rendered":"Atl\u00e2ntida Arte em Porto Alegre 2018"},"content":{"rendered":"<p>Gravura Galeria abre a exposi\u00e7\u00e3o coletiva<br \/>\nAtl\u00e2ntida Arte em Porto Alegre<\/p>\n<p>Depois de movimentar o Litoral Norte, o ciclo Atl\u00e2ntida Arte vem para seu tradicional per\u00edodo &#8220;p\u00f3s-praia&#8221; em Porto Alegre. A partir do dia 17 de mar\u00e7o, o trabalho dos artistas participantes da exposi\u00e7\u00e3o coletiva organizada pela Gravura Galeria poder\u00e1 ser conferido no endere\u00e7o da Rua Corte Real, 647, bairro Petr\u00f3polis. A mostra ficar\u00e1 em cartaz at\u00e9 o dia 14 de abril, de segundas \u00e0s sextas, das 9h30 \u00e0s 18h30, e s\u00e1bados, das 9h30 \u00e0s 13h30.<br \/>\nOs artistas participantes da mostra s\u00e3o: Breno Nora, Claudio Souza Pinto, Dirce Fett, Flora Zeltzer, Ivone Rabello, Julia Alves, Let\u00edcia Ilha Demeuse, Lorena Steiner, Marcelo H\u00fcbner, Marcelo Pferscher, Marco Santaniello, Maria Luiza Cangeri, Mariana Sperotto, Mar\u00edlia Chartune, Marion Lunke, Rejane Karam, Rosamaria Feltrin, Rosane Heck Theisen, Silvana Botter Maio Rocha, Suzi Etchepare, Tity Pons, V\u00e2nia Kwitko, Vera Hemb Becker, Victor Hugo Porto, Vildete Pessutto e Vitoria Ribas.<br \/>\nO coquetel de abertura ser\u00e1 s\u00e1bado dia 17, das 10h \u00e0s 13h.<br \/>\nServi\u00e7o<br \/>\nExposi\u00e7\u00e3o coletiva Atl\u00e2ntida Arte em Porto Alegre<br \/>\nAbertura: 17 de mar\u00e7o de 2018, s\u00e1bado, das 10h \u00e0s 13h<br \/>\nVisita\u00e7\u00e3o: at\u00e9 14 de abril de 2018, de segundas a sextas, das 9h30 \u00e0s 18h30, e s\u00e1bados, das 9h30 \u00e0s 13h30<br \/>\nRealiza\u00e7\u00e3o: Galeria Gravura<br \/>\nRua Corte Real, 647 | Petr\u00f3polis | Porto Alegre<br \/>\nwww.gravuragaleria.com.br | gravura@gravuragaleria.com.br<br \/>\nFone: (51) 3333-1946 ou (51) 99718-9258<\/p>\n\n\t\t<style type=\"text\/css\">\n\t\t\t#gallery-1 {\n\t\t\t\tmargin: auto;\n\t\t\t}\n\t\t\t#gallery-1 .gallery-item {\n\t\t\t\tfloat: left;\n\t\t\t\tmargin-top: 10px;\n\t\t\t\ttext-align: center;\n\t\t\t\twidth: 20%;\n\t\t\t}\n\t\t\t#gallery-1 img {\n\t\t\t\tborder: 2px solid #cfcfcf;\n\t\t\t}\n\t\t\t#gallery-1 .gallery-caption {\n\t\t\t\tmargin-left: 0;\n\t\t\t}\n\t\t\t\/* see gallery_shortcode() in wp-includes\/media.php *\/\n\t\t<\/style>\n\t\t<div id='gallery-1' class='gallery galleryid-7118 gallery-columns-5 gallery-size-thumbnail'><dl class='gallery-item'>\n\t\t\t<dt class='gallery-icon landscape'>\n\t\t\t\t<a href='https:\/\/www.gravuragaleria.com.br\/wp-content\/uploads\/2018\/06\/ATLARTE2018POA2.jpg'><img loading=\"lazy\" decoding=\"async\" width=\"80\" height=\"80\" src=\"https:\/\/www.gravuragaleria.com.br\/wp-content\/uploads\/2018\/06\/ATLARTE2018POA2-80x80.jpg\" class=\"attachment-thumbnail size-thumbnail\" alt=\"\" srcset=\"https:\/\/www.gravuragaleria.com.br\/wp-content\/uploads\/2018\/06\/ATLARTE2018POA2-80x80.jpg 80w, https:\/\/www.gravuragaleria.com.br\/wp-content\/uploads\/2018\/06\/ATLARTE2018POA2-36x36.jpg 36w, https:\/\/www.gravuragaleria.com.br\/wp-content\/uploads\/2018\/06\/ATLARTE2018POA2-180x180.jpg 180w, https:\/\/www.gravuragaleria.com.br\/wp-content\/uploads\/2018\/06\/ATLARTE2018POA2-120x120.jpg 120w, https:\/\/www.gravuragaleria.com.br\/wp-content\/uploads\/2018\/06\/ATLARTE2018POA2-450x450.jpg 450w\" sizes=\"auto, (max-width: 80px) 100vw, 80px\" \/><\/a>\n\t\t\t<\/dt><\/dl><dl class='gallery-item'>\n\t\t\t<dt class='gallery-icon landscape'>\n\t\t\t\t<a href='https:\/\/www.gravuragaleria.com.br\/wp-content\/uploads\/2018\/04\/DSCN5745.jpg'><img loading=\"lazy\" decoding=\"async\" width=\"80\" height=\"80\" src=\"https:\/\/www.gravuragaleria.com.br\/wp-content\/uploads\/2018\/04\/DSCN5745-80x80.jpg\" class=\"attachment-thumbnail size-thumbnail\" alt=\"\" srcset=\"https:\/\/www.gravuragaleria.com.br\/wp-content\/uploads\/2018\/04\/DSCN5745-80x80.jpg 80w, https:\/\/www.gravuragaleria.com.br\/wp-content\/uploads\/2018\/04\/DSCN5745-36x36.jpg 36w, https:\/\/www.gravuragaleria.com.br\/wp-content\/uploads\/2018\/04\/DSCN5745-180x180.jpg 180w, https:\/\/www.gravuragaleria.com.br\/wp-content\/uploads\/2018\/04\/DSCN5745-120x120.jpg 120w, https:\/\/www.gravuragaleria.com.br\/wp-content\/uploads\/2018\/04\/DSCN5745-450x450.jpg 450w\" sizes=\"auto, (max-width: 80px) 100vw, 80px\" \/><\/a>\n\t\t\t<\/dt><\/dl><dl class='gallery-item'>\n\t\t\t<dt class='gallery-icon landscape'>\n\t\t\t\t<a href='https:\/\/www.gravuragaleria.com.br\/wp-content\/uploads\/2018\/04\/DSCN5744.jpg'><img loading=\"lazy\" decoding=\"async\" width=\"80\" height=\"80\" src=\"https:\/\/www.gravuragaleria.com.br\/wp-content\/uploads\/2018\/04\/DSCN5744-80x80.jpg\" class=\"attachment-thumbnail size-thumbnail\" alt=\"\" srcset=\"https:\/\/www.gravuragaleria.com.br\/wp-content\/uploads\/2018\/04\/DSCN5744-80x80.jpg 80w, https:\/\/www.gravuragaleria.com.br\/wp-content\/uploads\/2018\/04\/DSCN5744-36x36.jpg 36w, https:\/\/www.gravuragaleria.com.br\/wp-content\/uploads\/2018\/04\/DSCN5744-180x180.jpg 180w, https:\/\/www.gravuragaleria.com.br\/wp-content\/uploads\/2018\/04\/DSCN5744-120x120.jpg 120w, https:\/\/www.gravuragaleria.com.br\/wp-content\/uploads\/2018\/04\/DSCN5744-450x450.jpg 450w\" sizes=\"auto, (max-width: 80px) 100vw, 80px\" \/><\/a>\n\t\t\t<\/dt><\/dl><dl class='gallery-item'>\n\t\t\t<dt class='gallery-icon landscape'>\n\t\t\t\t<a href='https:\/\/www.gravuragaleria.com.br\/wp-content\/uploads\/2018\/04\/Benno-Marcelo-e-Britto.jpg'><img loading=\"lazy\" decoding=\"async\" width=\"80\" height=\"80\" src=\"https:\/\/www.gravuragaleria.com.br\/wp-content\/uploads\/2018\/04\/Benno-Marcelo-e-Britto-80x80.jpg\" class=\"attachment-thumbnail size-thumbnail\" alt=\"\" srcset=\"https:\/\/www.gravuragaleria.com.br\/wp-content\/uploads\/2018\/04\/Benno-Marcelo-e-Britto-80x80.jpg 80w, https:\/\/www.gravuragaleria.com.br\/wp-content\/uploads\/2018\/04\/Benno-Marcelo-e-Britto-36x36.jpg 36w, https:\/\/www.gravuragaleria.com.br\/wp-content\/uploads\/2018\/04\/Benno-Marcelo-e-Britto-180x180.jpg 180w, https:\/\/www.gravuragaleria.com.br\/wp-content\/uploads\/2018\/04\/Benno-Marcelo-e-Britto-120x120.jpg 120w, https:\/\/www.gravuragaleria.com.br\/wp-content\/uploads\/2018\/04\/Benno-Marcelo-e-Britto-450x450.jpg 450w\" sizes=\"auto, (max-width: 80px) 100vw, 80px\" \/><\/a>\n\t\t\t<\/dt><\/dl><dl class='gallery-item'>\n\t\t\t<dt class='gallery-icon landscape'>\n\t\t\t\t<a href='https:\/\/www.gravuragaleria.com.br\/wp-content\/uploads\/2018\/04\/DSCN5734.jpg'><img loading=\"lazy\" decoding=\"async\" width=\"80\" height=\"80\" src=\"https:\/\/www.gravuragaleria.com.br\/wp-content\/uploads\/2018\/04\/DSCN5734-80x80.jpg\" class=\"attachment-thumbnail size-thumbnail\" alt=\"\" srcset=\"https:\/\/www.gravuragaleria.com.br\/wp-content\/uploads\/2018\/04\/DSCN5734-80x80.jpg 80w, https:\/\/www.gravuragaleria.com.br\/wp-content\/uploads\/2018\/04\/DSCN5734-36x36.jpg 36w, https:\/\/www.gravuragaleria.com.br\/wp-content\/uploads\/2018\/04\/DSCN5734-180x180.jpg 180w, https:\/\/www.gravuragaleria.com.br\/wp-content\/uploads\/2018\/04\/DSCN5734-120x120.jpg 120w, https:\/\/www.gravuragaleria.com.br\/wp-content\/uploads\/2018\/04\/DSCN5734-450x450.jpg 450w\" sizes=\"auto, (max-width: 80px) 100vw, 80px\" \/><\/a>\n\t\t\t<\/dt><\/dl><br style=\"clear: both\" \/><dl class='gallery-item'>\n\t\t\t<dt class='gallery-icon portrait'>\n\t\t\t\t<a href='https:\/\/www.gravuragaleria.com.br\/wp-content\/uploads\/2018\/04\/DSCN5741.jpg'><img loading=\"lazy\" decoding=\"async\" width=\"80\" height=\"80\" src=\"https:\/\/www.gravuragaleria.com.br\/wp-content\/uploads\/2018\/04\/DSCN5741-80x80.jpg\" class=\"attachment-thumbnail size-thumbnail\" alt=\"\" srcset=\"https:\/\/www.gravuragaleria.com.br\/wp-content\/uploads\/2018\/04\/DSCN5741-80x80.jpg 80w, https:\/\/www.gravuragaleria.com.br\/wp-content\/uploads\/2018\/04\/DSCN5741-36x36.jpg 36w, https:\/\/www.gravuragaleria.com.br\/wp-content\/uploads\/2018\/04\/DSCN5741-180x180.jpg 180w, https:\/\/www.gravuragaleria.com.br\/wp-content\/uploads\/2018\/04\/DSCN5741-120x120.jpg 120w, https:\/\/www.gravuragaleria.com.br\/wp-content\/uploads\/2018\/04\/DSCN5741-450x450.jpg 450w\" sizes=\"auto, (max-width: 80px) 100vw, 80px\" \/><\/a>\n\t\t\t<\/dt><\/dl><dl class='gallery-item'>\n\t\t\t<dt class='gallery-icon landscape'>\n\t\t\t\t<a href='https:\/\/www.gravuragaleria.com.br\/wp-content\/uploads\/2018\/04\/DSCN5740.jpg'><img loading=\"lazy\" decoding=\"async\" width=\"80\" height=\"80\" src=\"https:\/\/www.gravuragaleria.com.br\/wp-content\/uploads\/2018\/04\/DSCN5740-80x80.jpg\" class=\"attachment-thumbnail size-thumbnail\" alt=\"\" srcset=\"https:\/\/www.gravuragaleria.com.br\/wp-content\/uploads\/2018\/04\/DSCN5740-80x80.jpg 80w, https:\/\/www.gravuragaleria.com.br\/wp-content\/uploads\/2018\/04\/DSCN5740-36x36.jpg 36w, https:\/\/www.gravuragaleria.com.br\/wp-content\/uploads\/2018\/04\/DSCN5740-180x180.jpg 180w, https:\/\/www.gravuragaleria.com.br\/wp-content\/uploads\/2018\/04\/DSCN5740-120x120.jpg 120w, https:\/\/www.gravuragaleria.com.br\/wp-content\/uploads\/2018\/04\/DSCN5740-450x450.jpg 450w\" sizes=\"auto, (max-width: 80px) 100vw, 80px\" \/><\/a>\n\t\t\t<\/dt><\/dl>\n\t\t\t<br style='clear: both' \/>\n\t\t<\/div>\n\n","protected":false},"excerpt":{"rendered":"<p>Gravura Galeria abre a exposi\u00e7\u00e3o coletiva Atl\u00e2ntida Arte em Porto Alegre Depois de movimentar o Litoral Norte, o ciclo Atl\u00e2ntida Arte vem para seu tradicional per\u00edodo &#8220;p\u00f3s-praia&#8221; em Porto Alegre. A partir do dia 17 de mar\u00e7o, o trabalho dos artistas participantes da exposi\u00e7\u00e3o coletiva organizada pela Gravura Galeria poder\u00e1 ser conferido no endere\u00e7o da [&hellip;]<\/p>\n","protected":false},"author":2,"featured_media":7215,"comment_status":"closed","ping_status":"closed","sticky":false,"template":"","format":"standard","meta":{"footnotes":""},"categories":[5],"tags":[],"class_list":["post-7118","post","type-post","status-publish","format-standard","has-post-thumbnail","hentry","category-atlantida-arte"],"_links":{"self":[{"href":"https:\/\/www.gravuragaleria.com.br\/index.php?rest_route=\/wp\/v2\/posts\/7118","targetHints":{"allow":["GET"]}}],"collection":[{"href":"https:\/\/www.gravuragaleria.com.br\/index.php?rest_route=\/wp\/v2\/posts"}],"about":[{"href":"https:\/\/www.gravuragaleria.com.br\/index.php?rest_route=\/wp\/v2\/types\/post"}],"author":[{"embeddable":true,"href":"https:\/\/www.gravuragaleria.com.br\/index.php?rest_route=\/wp\/v2\/users\/2"}],"replies":[{"embeddable":true,"href":"https:\/\/www.gravuragaleria.com.br\/index.php?rest_route=%2Fwp%2Fv2%2Fcomments&post=7118"}],"version-history":[{"count":4,"href":"https:\/\/www.gravuragaleria.com.br\/index.php?rest_route=\/wp\/v2\/posts\/7118\/revisions"}],"predecessor-version":[{"id":7772,"href":"https:\/\/www.gravuragaleria.com.br\/index.php?rest_route=\/wp\/v2\/posts\/7118\/revisions\/7772"}],"wp:featuredmedia":[{"embeddable":true,"href":"https:\/\/www.gravuragaleria.com.br\/index.php?rest_route=\/wp\/v2\/media\/7215"}],"wp:attachment":[{"href":"https:\/\/www.gravuragaleria.com.br\/index.php?rest_route=%2Fwp%2Fv2%2Fmedia&parent=7118"}],"wp:term":[{"taxonomy":"category","embeddable":true,"href":"https:\/\/www.gravuragaleria.com.br\/index.php?rest_route=%2Fwp%2Fv2%2Fcategories&post=7118"},{"taxonomy":"post_tag","embeddable":true,"href":"https:\/\/www.gravuragaleria.com.br\/index.php?rest_route=%2Fwp%2Fv2%2Ftags&post=7118"}],"curies":[{"name":"wp","href":"https:\/\/api.w.org\/{rel}","templated":true}]}}