{"id":4350,"date":"2008-12-29T12:13:40","date_gmt":"2008-12-29T14:13:40","guid":{"rendered":"http:\/\/gravuragaleria1.tempsite.ws\/?p=4350"},"modified":"2018-08-17T15:34:14","modified_gmt":"2018-08-17T18:34:14","slug":"atlantida-arte-2008","status":"publish","type":"post","link":"https:\/\/www.gravuragaleria.com.br\/?p=4350","title":{"rendered":"Atlantida Arte 2008"},"content":{"rendered":"<p>Ao encarar o crescimento do mercado imobili\u00e1rio do litoral ga\u00facho como uma oportunidade, em 2004 a Gravura inaugurou sua filial em Atl\u00e2ntida.<\/p>\n<p>A ideia era levar a arte para os clientes que encontravam dificuldades de decorar suas casas de praia e, ao mesmo tempo, tornar-se uma op\u00e7\u00e3o cultural relevante, atrav\u00e9s de um ciclo de exposi\u00e7\u00f5es atraente, a exemplo de Punta Del Este que j\u00e1 contava na \u00e9poca com diversas galerias de arte. Assim, a primeira temporada de ver\u00e3o ocorreu numa loja bem compacta no centrinho de Atl\u00e2ntida.<\/p>\n<p>Em 2011, o projeto ver\u00e3o ganhou ainda mais espa\u00e7o e estrutura. Foi quando a Gravura de Atl\u00e2ntida se mudou para uma casa cinco vezes maior, na Avenida Paraguassu, onde at\u00e9 hoje mant\u00e9m parceria com a Loja Aria. Com muita visibilidade e destaque, a galeria exp\u00f5e obras de cerca de 30 artistas durante o ver\u00e3o.<\/p>\n<p>&nbsp;<\/p>\n<p>Endere\u00e7o: Av. Paraguassu, 4200, Praia de Atl\u00e2ntida<\/p>\n<p>&nbsp;<\/p>\n\n\t\t<style type=\"text\/css\">\n\t\t\t#gallery-1 {\n\t\t\t\tmargin: auto;\n\t\t\t}\n\t\t\t#gallery-1 .gallery-item {\n\t\t\t\tfloat: left;\n\t\t\t\tmargin-top: 10px;\n\t\t\t\ttext-align: center;\n\t\t\t\twidth: 20%;\n\t\t\t}\n\t\t\t#gallery-1 img {\n\t\t\t\tborder: 2px solid #cfcfcf;\n\t\t\t}\n\t\t\t#gallery-1 .gallery-caption {\n\t\t\t\tmargin-left: 0;\n\t\t\t}\n\t\t\t\/* see gallery_shortcode() in wp-includes\/media.php *\/\n\t\t<\/style>\n\t\t<div id='gallery-1' class='gallery galleryid-4350 gallery-columns-5 gallery-size-medium'><dl class='gallery-item'>\n\t\t\t<dt class='gallery-icon landscape'>\n\t\t\t\t<a href='https:\/\/www.gravuragaleria.com.br\/wp-content\/uploads\/2018\/06\/Atl\u00e2ntida-Arte-2008-frente1.jpg'><img loading=\"lazy\" decoding=\"async\" width=\"300\" height=\"215\" src=\"https:\/\/www.gravuragaleria.com.br\/wp-content\/uploads\/2018\/06\/Atl\u00e2ntida-Arte-2008-frente1-300x215.jpg\" class=\"attachment-medium size-medium\" alt=\"\" srcset=\"https:\/\/www.gravuragaleria.com.br\/wp-content\/uploads\/2018\/06\/Atl\u00e2ntida-Arte-2008-frente1-300x215.jpg 300w, https:\/\/www.gravuragaleria.com.br\/wp-content\/uploads\/2018\/06\/Atl\u00e2ntida-Arte-2008-frente1-260x185.jpg 260w, https:\/\/www.gravuragaleria.com.br\/wp-content\/uploads\/2018\/06\/Atl\u00e2ntida-Arte-2008-frente1-450x322.jpg 450w, https:\/\/www.gravuragaleria.com.br\/wp-content\/uploads\/2018\/06\/Atl\u00e2ntida-Arte-2008-frente1.jpg 600w\" sizes=\"auto, (max-width: 300px) 100vw, 300px\" \/><\/a>\n\t\t\t<\/dt><\/dl><dl class='gallery-item'>\n\t\t\t<dt class='gallery-icon landscape'>\n\t\t\t\t<a href='https:\/\/www.gravuragaleria.com.br\/wp-content\/uploads\/2018\/06\/Atl\u00e2ntida-Arte-2008-verso13.jpg'><img loading=\"lazy\" decoding=\"async\" width=\"300\" height=\"215\" src=\"https:\/\/www.gravuragaleria.com.br\/wp-content\/uploads\/2018\/06\/Atl\u00e2ntida-Arte-2008-verso13-300x215.jpg\" class=\"attachment-medium size-medium\" alt=\"\" srcset=\"https:\/\/www.gravuragaleria.com.br\/wp-content\/uploads\/2018\/06\/Atl\u00e2ntida-Arte-2008-verso13-300x215.jpg 300w, https:\/\/www.gravuragaleria.com.br\/wp-content\/uploads\/2018\/06\/Atl\u00e2ntida-Arte-2008-verso13.jpg 600w, https:\/\/www.gravuragaleria.com.br\/wp-content\/uploads\/2018\/06\/Atl\u00e2ntida-Arte-2008-verso13-260x185.jpg 260w, https:\/\/www.gravuragaleria.com.br\/wp-content\/uploads\/2018\/06\/Atl\u00e2ntida-Arte-2008-verso13-450x323.jpg 450w\" sizes=\"auto, (max-width: 300px) 100vw, 300px\" \/><\/a>\n\t\t\t<\/dt><\/dl><dl class='gallery-item'>\n\t\t\t<dt class='gallery-icon landscape'>\n\t\t\t\t<a href='https:\/\/www.gravuragaleria.com.br\/wp-content\/uploads\/2018\/06\/L\u00edlia-Manfroi-marido-filho-e-Regina-Galbinski.jpg'><img loading=\"lazy\" decoding=\"async\" width=\"300\" height=\"225\" src=\"https:\/\/www.gravuragaleria.com.br\/wp-content\/uploads\/2018\/06\/L\u00edlia-Manfroi-marido-filho-e-Regina-Galbinski-300x225.jpg\" class=\"attachment-medium size-medium\" alt=\"\" srcset=\"https:\/\/www.gravuragaleria.com.br\/wp-content\/uploads\/2018\/06\/L\u00edlia-Manfroi-marido-filho-e-Regina-Galbinski-300x225.jpg 300w, https:\/\/www.gravuragaleria.com.br\/wp-content\/uploads\/2018\/06\/L\u00edlia-Manfroi-marido-filho-e-Regina-Galbinski-768x576.jpg 768w, https:\/\/www.gravuragaleria.com.br\/wp-content\/uploads\/2018\/06\/L\u00edlia-Manfroi-marido-filho-e-Regina-Galbinski-1030x773.jpg 1030w, https:\/\/www.gravuragaleria.com.br\/wp-content\/uploads\/2018\/06\/L\u00edlia-Manfroi-marido-filho-e-Regina-Galbinski-1500x1125.jpg 1500w, https:\/\/www.gravuragaleria.com.br\/wp-content\/uploads\/2018\/06\/L\u00edlia-Manfroi-marido-filho-e-Regina-Galbinski-705x529.jpg 705w, https:\/\/www.gravuragaleria.com.br\/wp-content\/uploads\/2018\/06\/L\u00edlia-Manfroi-marido-filho-e-Regina-Galbinski-450x338.jpg 450w\" sizes=\"auto, (max-width: 300px) 100vw, 300px\" \/><\/a>\n\t\t\t<\/dt><\/dl><dl class='gallery-item'>\n\t\t\t<dt class='gallery-icon landscape'>\n\t\t\t\t<a href='https:\/\/www.gravuragaleria.com.br\/wp-content\/uploads\/2018\/06\/Panor\u00e2mica-1p.jpg'><img loading=\"lazy\" decoding=\"async\" width=\"300\" height=\"225\" src=\"https:\/\/www.gravuragaleria.com.br\/wp-content\/uploads\/2018\/06\/Panor\u00e2mica-1p-300x225.jpg\" class=\"attachment-medium size-medium\" alt=\"\" srcset=\"https:\/\/www.gravuragaleria.com.br\/wp-content\/uploads\/2018\/06\/Panor\u00e2mica-1p-300x225.jpg 300w, https:\/\/www.gravuragaleria.com.br\/wp-content\/uploads\/2018\/06\/Panor\u00e2mica-1p-768x576.jpg 768w, https:\/\/www.gravuragaleria.com.br\/wp-content\/uploads\/2018\/06\/Panor\u00e2mica-1p-1030x773.jpg 1030w, https:\/\/www.gravuragaleria.com.br\/wp-content\/uploads\/2018\/06\/Panor\u00e2mica-1p-1500x1125.jpg 1500w, https:\/\/www.gravuragaleria.com.br\/wp-content\/uploads\/2018\/06\/Panor\u00e2mica-1p-705x529.jpg 705w, https:\/\/www.gravuragaleria.com.br\/wp-content\/uploads\/2018\/06\/Panor\u00e2mica-1p-450x338.jpg 450w\" sizes=\"auto, (max-width: 300px) 100vw, 300px\" \/><\/a>\n\t\t\t<\/dt><\/dl><dl class='gallery-item'>\n\t\t\t<dt class='gallery-icon landscape'>\n\t\t\t\t<a href='https:\/\/www.gravuragaleria.com.br\/wp-content\/uploads\/2018\/06\/Panor\u00e2mica-2p.jpg'><img loading=\"lazy\" decoding=\"async\" width=\"300\" height=\"225\" src=\"https:\/\/www.gravuragaleria.com.br\/wp-content\/uploads\/2018\/06\/Panor\u00e2mica-2p-300x225.jpg\" class=\"attachment-medium size-medium\" alt=\"\" srcset=\"https:\/\/www.gravuragaleria.com.br\/wp-content\/uploads\/2018\/06\/Panor\u00e2mica-2p-300x225.jpg 300w, https:\/\/www.gravuragaleria.com.br\/wp-content\/uploads\/2018\/06\/Panor\u00e2mica-2p-768x576.jpg 768w, https:\/\/www.gravuragaleria.com.br\/wp-content\/uploads\/2018\/06\/Panor\u00e2mica-2p-1030x773.jpg 1030w, https:\/\/www.gravuragaleria.com.br\/wp-content\/uploads\/2018\/06\/Panor\u00e2mica-2p-1500x1125.jpg 1500w, https:\/\/www.gravuragaleria.com.br\/wp-content\/uploads\/2018\/06\/Panor\u00e2mica-2p-705x529.jpg 705w, https:\/\/www.gravuragaleria.com.br\/wp-content\/uploads\/2018\/06\/Panor\u00e2mica-2p-450x338.jpg 450w\" sizes=\"auto, (max-width: 300px) 100vw, 300px\" \/><\/a>\n\t\t\t<\/dt><\/dl><br style=\"clear: both\" \/><dl class='gallery-item'>\n\t\t\t<dt class='gallery-icon landscape'>\n\t\t\t\t<a href='https:\/\/www.gravuragaleria.com.br\/wp-content\/uploads\/2018\/06\/Panor\u00e2mica-3p.jpg'><img loading=\"lazy\" decoding=\"async\" width=\"300\" height=\"225\" src=\"https:\/\/www.gravuragaleria.com.br\/wp-content\/uploads\/2018\/06\/Panor\u00e2mica-3p-300x225.jpg\" class=\"attachment-medium size-medium\" alt=\"\" srcset=\"https:\/\/www.gravuragaleria.com.br\/wp-content\/uploads\/2018\/06\/Panor\u00e2mica-3p-300x225.jpg 300w, https:\/\/www.gravuragaleria.com.br\/wp-content\/uploads\/2018\/06\/Panor\u00e2mica-3p-768x576.jpg 768w, https:\/\/www.gravuragaleria.com.br\/wp-content\/uploads\/2018\/06\/Panor\u00e2mica-3p-1030x773.jpg 1030w, https:\/\/www.gravuragaleria.com.br\/wp-content\/uploads\/2018\/06\/Panor\u00e2mica-3p-1500x1125.jpg 1500w, https:\/\/www.gravuragaleria.com.br\/wp-content\/uploads\/2018\/06\/Panor\u00e2mica-3p-705x529.jpg 705w, https:\/\/www.gravuragaleria.com.br\/wp-content\/uploads\/2018\/06\/Panor\u00e2mica-3p-450x338.jpg 450w\" sizes=\"auto, (max-width: 300px) 100vw, 300px\" \/><\/a>\n\t\t\t<\/dt><\/dl><dl class='gallery-item'>\n\t\t\t<dt class='gallery-icon landscape'>\n\t\t\t\t<a href='https:\/\/www.gravuragaleria.com.br\/wp-content\/uploads\/2018\/06\/Regina-Galbinski-Andr\u00e9a-Schul-e-namorado-p.jpg'><img loading=\"lazy\" decoding=\"async\" width=\"300\" height=\"225\" src=\"https:\/\/www.gravuragaleria.com.br\/wp-content\/uploads\/2018\/06\/Regina-Galbinski-Andr\u00e9a-Schul-e-namorado-p-300x225.jpg\" class=\"attachment-medium size-medium\" alt=\"\" srcset=\"https:\/\/www.gravuragaleria.com.br\/wp-content\/uploads\/2018\/06\/Regina-Galbinski-Andr\u00e9a-Schul-e-namorado-p-300x225.jpg 300w, https:\/\/www.gravuragaleria.com.br\/wp-content\/uploads\/2018\/06\/Regina-Galbinski-Andr\u00e9a-Schul-e-namorado-p-768x576.jpg 768w, https:\/\/www.gravuragaleria.com.br\/wp-content\/uploads\/2018\/06\/Regina-Galbinski-Andr\u00e9a-Schul-e-namorado-p-1030x773.jpg 1030w, https:\/\/www.gravuragaleria.com.br\/wp-content\/uploads\/2018\/06\/Regina-Galbinski-Andr\u00e9a-Schul-e-namorado-p-1500x1125.jpg 1500w, https:\/\/www.gravuragaleria.com.br\/wp-content\/uploads\/2018\/06\/Regina-Galbinski-Andr\u00e9a-Schul-e-namorado-p-705x529.jpg 705w, https:\/\/www.gravuragaleria.com.br\/wp-content\/uploads\/2018\/06\/Regina-Galbinski-Andr\u00e9a-Schul-e-namorado-p-450x338.jpg 450w\" sizes=\"auto, (max-width: 300px) 100vw, 300px\" \/><\/a>\n\t\t\t<\/dt><\/dl><dl class='gallery-item'>\n\t\t\t<dt class='gallery-icon landscape'>\n\t\t\t\t<a href='https:\/\/www.gravuragaleria.com.br\/wp-content\/uploads\/2018\/06\/Roseli-Melnick-Sheila-Schul-Regina-Galbinski-p.jpg'><img loading=\"lazy\" decoding=\"async\" width=\"300\" height=\"225\" src=\"https:\/\/www.gravuragaleria.com.br\/wp-content\/uploads\/2018\/06\/Roseli-Melnick-Sheila-Schul-Regina-Galbinski-p-300x225.jpg\" class=\"attachment-medium size-medium\" alt=\"\" srcset=\"https:\/\/www.gravuragaleria.com.br\/wp-content\/uploads\/2018\/06\/Roseli-Melnick-Sheila-Schul-Regina-Galbinski-p-300x225.jpg 300w, https:\/\/www.gravuragaleria.com.br\/wp-content\/uploads\/2018\/06\/Roseli-Melnick-Sheila-Schul-Regina-Galbinski-p-768x576.jpg 768w, https:\/\/www.gravuragaleria.com.br\/wp-content\/uploads\/2018\/06\/Roseli-Melnick-Sheila-Schul-Regina-Galbinski-p-1030x773.jpg 1030w, https:\/\/www.gravuragaleria.com.br\/wp-content\/uploads\/2018\/06\/Roseli-Melnick-Sheila-Schul-Regina-Galbinski-p-1500x1125.jpg 1500w, https:\/\/www.gravuragaleria.com.br\/wp-content\/uploads\/2018\/06\/Roseli-Melnick-Sheila-Schul-Regina-Galbinski-p-705x529.jpg 705w, https:\/\/www.gravuragaleria.com.br\/wp-content\/uploads\/2018\/06\/Roseli-Melnick-Sheila-Schul-Regina-Galbinski-p-450x338.jpg 450w\" sizes=\"auto, (max-width: 300px) 100vw, 300px\" \/><\/a>\n\t\t\t<\/dt><\/dl><dl class='gallery-item'>\n\t\t\t<dt class='gallery-icon portrait'>\n\t\t\t\t<a href='https:\/\/www.gravuragaleria.com.br\/wp-content\/uploads\/2018\/06\/Sandra-Lunke-e-amigos-2-p.jpg'><img loading=\"lazy\" decoding=\"async\" width=\"225\" height=\"300\" src=\"https:\/\/www.gravuragaleria.com.br\/wp-content\/uploads\/2018\/06\/Sandra-Lunke-e-amigos-2-p-225x300.jpg\" class=\"attachment-medium size-medium\" alt=\"\" srcset=\"https:\/\/www.gravuragaleria.com.br\/wp-content\/uploads\/2018\/06\/Sandra-Lunke-e-amigos-2-p-225x300.jpg 225w, https:\/\/www.gravuragaleria.com.br\/wp-content\/uploads\/2018\/06\/Sandra-Lunke-e-amigos-2-p-768x1024.jpg 768w, https:\/\/www.gravuragaleria.com.br\/wp-content\/uploads\/2018\/06\/Sandra-Lunke-e-amigos-2-p-773x1030.jpg 773w, https:\/\/www.gravuragaleria.com.br\/wp-content\/uploads\/2018\/06\/Sandra-Lunke-e-amigos-2-p-1125x1500.jpg 1125w, https:\/\/www.gravuragaleria.com.br\/wp-content\/uploads\/2018\/06\/Sandra-Lunke-e-amigos-2-p-529x705.jpg 529w, https:\/\/www.gravuragaleria.com.br\/wp-content\/uploads\/2018\/06\/Sandra-Lunke-e-amigos-2-p-450x600.jpg 450w\" sizes=\"auto, (max-width: 225px) 100vw, 225px\" \/><\/a>\n\t\t\t<\/dt><\/dl>\n\t\t\t<br style='clear: both' \/>\n\t\t<\/div>\n\n","protected":false},"excerpt":{"rendered":"<p>Ao encarar o crescimento do mercado imobili\u00e1rio do litoral ga\u00facho como uma oportunidade, em 2004 a Gravura inaugurou sua filial em Atl\u00e2ntida. A ideia era levar a arte para os clientes que encontravam dificuldades de decorar suas casas de praia e, ao mesmo tempo, tornar-se uma op\u00e7\u00e3o cultural relevante, atrav\u00e9s de um ciclo de exposi\u00e7\u00f5es [&hellip;]<\/p>\n","protected":false},"author":2,"featured_media":4352,"comment_status":"closed","ping_status":"closed","sticky":false,"template":"","format":"standard","meta":{"footnotes":""},"categories":[5],"tags":[],"class_list":["post-4350","post","type-post","status-publish","format-standard","has-post-thumbnail","hentry","category-atlantida-arte"],"_links":{"self":[{"href":"https:\/\/www.gravuragaleria.com.br\/index.php?rest_route=\/wp\/v2\/posts\/4350","targetHints":{"allow":["GET"]}}],"collection":[{"href":"https:\/\/www.gravuragaleria.com.br\/index.php?rest_route=\/wp\/v2\/posts"}],"about":[{"href":"https:\/\/www.gravuragaleria.com.br\/index.php?rest_route=\/wp\/v2\/types\/post"}],"author":[{"embeddable":true,"href":"https:\/\/www.gravuragaleria.com.br\/index.php?rest_route=\/wp\/v2\/users\/2"}],"replies":[{"embeddable":true,"href":"https:\/\/www.gravuragaleria.com.br\/index.php?rest_route=%2Fwp%2Fv2%2Fcomments&post=4350"}],"version-history":[{"count":3,"href":"https:\/\/www.gravuragaleria.com.br\/index.php?rest_route=\/wp\/v2\/posts\/4350\/revisions"}],"predecessor-version":[{"id":7392,"href":"https:\/\/www.gravuragaleria.com.br\/index.php?rest_route=\/wp\/v2\/posts\/4350\/revisions\/7392"}],"wp:featuredmedia":[{"embeddable":true,"href":"https:\/\/www.gravuragaleria.com.br\/index.php?rest_route=\/wp\/v2\/media\/4352"}],"wp:attachment":[{"href":"https:\/\/www.gravuragaleria.com.br\/index.php?rest_route=%2Fwp%2Fv2%2Fmedia&parent=4350"}],"wp:term":[{"taxonomy":"category","embeddable":true,"href":"https:\/\/www.gravuragaleria.com.br\/index.php?rest_route=%2Fwp%2Fv2%2Fcategories&post=4350"},{"taxonomy":"post_tag","embeddable":true,"href":"https:\/\/www.gravuragaleria.com.br\/index.php?rest_route=%2Fwp%2Fv2%2Ftags&post=4350"}],"curies":[{"name":"wp","href":"https:\/\/api.w.org\/{rel}","templated":true}]}}