{"id":4294,"date":"2018-05-09T11:45:59","date_gmt":"2018-05-09T14:45:59","guid":{"rendered":"http:\/\/gravuragaleria1.tempsite.ws\/?p=4294"},"modified":"2018-07-09T11:06:57","modified_gmt":"2018-07-09T14:06:57","slug":"margarida-stein-e-roseli-deon","status":"publish","type":"post","link":"https:\/\/www.gravuragaleria.com.br\/?p=4294","title":{"rendered":"Margarida Stein e Roseli Deon"},"content":{"rendered":"<p><strong>Em homenagem ao Dia das M\u00e3es, Gravura Galeria de Arte abre duas exposi\u00e7\u00f5es de esculturas, instala\u00e7\u00f5es e pinturas na no m\u00eas de maio<\/strong><\/p>\n<p><strong>\u00a0<\/strong><\/p>\n<p>Na quarta-feira, 09 de maio, inauguram duas novas exposi\u00e7\u00f5es na Gravura Galeria de Arte. As obras de Margarida Stein com a participa\u00e7\u00e3o de Rodrigo Corr\u00eaa ser\u00e3o instaladas na Sala Negra, enquanto as pinturas de Roseli Deon ficar\u00e3o na Sala Nova. Ambas as exposi\u00e7\u00f5es ficar\u00e3o abertas para visita\u00e7\u00e3o at\u00e9 o dia 02 de junho.<\/p>\n<p>As esculturas, instala\u00e7\u00f5es e pinturas que fazem parte de \u201cAs m\u00e3es do Gueto\u201d foram inspiradas na hist\u00f3ria de tr\u00eas mulheres que tiveram seus beb\u00eas nos campos de concentra\u00e7\u00e3o da 2\u00aa Guerra Mundial. A vida de Priska, Rachel e Anka s\u00e3o parte do livro \u201cOs beb\u00eas de Auschwitz\u201d, da escritora americana Wendy Holden, que conta as condi\u00e7\u00f5es subumanas dos campos. Margarida Stein conta com a participa\u00e7\u00e3o de Rodrigo Corr\u00eaa para homenagear as milhares de mulheres e m\u00e3es vitimadas neste regime cruel e os jovens que lutaram contra a barb\u00e1rie nazista, atrav\u00e9s de suas obras.<\/p>\n<p>J\u00e1 nas pinturas de \u201cAbstra\u00e7\u00f5es no Tempo\u201d, de Roseli Deon, predomina o abstrato. Conforme o artista e curador Paulo Amaral \u201cNas recentes pinturas de Roseli predominam o preto e o branco, forte economia de cores, despojamento em favor da imagem j\u00e1 n\u00e3o necessitada de pigmentos para revelar-se como discurso da forma, pois esta, agora, encontrando a abstra\u00e7\u00e3o, surge espont\u00e2nea em evidente concretismo, ainda que com inapag\u00e1veis marcas de nascen\u00e7a, esse DNA da artista, prontamente reconhecido e que torna sua obra bem distinta como proposta, mas sempre identific\u00e1vel em autoria.\u201d<\/p>\n<p>&nbsp;<\/p>\n<p>A visita\u00e7\u00e3o ocorre de segunda \u00e0 sexta, das 9h30 \u00e0s 18h30, e s\u00e1bados, das 9h30 \u00e0s 13h30.<\/p>\n<p>&nbsp;<\/p>\n<p>Servi\u00e7o<\/p>\n<p><strong>\u201cAs m\u00e3es do Gueto\u201d e \u201cAbstra\u00e7\u00f5es no Tempo\u201d <\/strong><\/p>\n<p>Abertura: 09 de maio de 2018, \u00e0s 19h<\/p>\n<p>Visita\u00e7\u00e3o: at\u00e9 02 de junho de 2018<\/p>\n<p>Hor\u00e1rios: segunda \u00e0 sexta, das 9h30 \u00e0s 18h30, s\u00e1bados, das 9h30 \u00e0s 13h30<\/p>\n<p>Local: Gravura Galeria de Arte (Rua Corte Real, 647)<\/p>\n<p>&nbsp;<\/p>\n<p>&nbsp;<\/p>\n\n\t\t<style type=\"text\/css\">\n\t\t\t#gallery-1 {\n\t\t\t\tmargin: auto;\n\t\t\t}\n\t\t\t#gallery-1 .gallery-item {\n\t\t\t\tfloat: left;\n\t\t\t\tmargin-top: 10px;\n\t\t\t\ttext-align: center;\n\t\t\t\twidth: 11%;\n\t\t\t}\n\t\t\t#gallery-1 img {\n\t\t\t\tborder: 2px solid #cfcfcf;\n\t\t\t}\n\t\t\t#gallery-1 .gallery-caption {\n\t\t\t\tmargin-left: 0;\n\t\t\t}\n\t\t\t\/* see gallery_shortcode() in wp-includes\/media.php *\/\n\t\t<\/style>\n\t\t<div id='gallery-1' class='gallery galleryid-4294 gallery-columns-9 gallery-size-thumbnail'><dl class='gallery-item'>\n\t\t\t<dt class='gallery-icon portrait'>\n\t\t\t\t<a href='https:\/\/www.gravuragaleria.com.br\/wp-content\/uploads\/2018\/06\/EMAIL-2.jpg'><img loading=\"lazy\" decoding=\"async\" width=\"80\" height=\"80\" src=\"https:\/\/www.gravuragaleria.com.br\/wp-content\/uploads\/2018\/06\/EMAIL-2-80x80.jpg\" class=\"attachment-thumbnail size-thumbnail\" alt=\"\" srcset=\"https:\/\/www.gravuragaleria.com.br\/wp-content\/uploads\/2018\/06\/EMAIL-2-80x80.jpg 80w, https:\/\/www.gravuragaleria.com.br\/wp-content\/uploads\/2018\/06\/EMAIL-2-36x36.jpg 36w, https:\/\/www.gravuragaleria.com.br\/wp-content\/uploads\/2018\/06\/EMAIL-2-180x180.jpg 180w, https:\/\/www.gravuragaleria.com.br\/wp-content\/uploads\/2018\/06\/EMAIL-2-120x120.jpg 120w, https:\/\/www.gravuragaleria.com.br\/wp-content\/uploads\/2018\/06\/EMAIL-2-450x450.jpg 450w\" sizes=\"auto, (max-width: 80px) 100vw, 80px\" \/><\/a>\n\t\t\t<\/dt><\/dl><dl class='gallery-item'>\n\t\t\t<dt class='gallery-icon landscape'>\n\t\t\t\t<a href='https:\/\/www.gravuragaleria.com.br\/wp-content\/uploads\/2018\/06\/LisaRoos_0001_20180509.jpg'><img loading=\"lazy\" decoding=\"async\" width=\"80\" height=\"80\" src=\"https:\/\/www.gravuragaleria.com.br\/wp-content\/uploads\/2018\/06\/LisaRoos_0001_20180509-80x80.jpg\" class=\"attachment-thumbnail size-thumbnail\" alt=\"\" srcset=\"https:\/\/www.gravuragaleria.com.br\/wp-content\/uploads\/2018\/06\/LisaRoos_0001_20180509-80x80.jpg 80w, https:\/\/www.gravuragaleria.com.br\/wp-content\/uploads\/2018\/06\/LisaRoos_0001_20180509-36x36.jpg 36w, https:\/\/www.gravuragaleria.com.br\/wp-content\/uploads\/2018\/06\/LisaRoos_0001_20180509-180x180.jpg 180w, https:\/\/www.gravuragaleria.com.br\/wp-content\/uploads\/2018\/06\/LisaRoos_0001_20180509-120x120.jpg 120w, https:\/\/www.gravuragaleria.com.br\/wp-content\/uploads\/2018\/06\/LisaRoos_0001_20180509-450x450.jpg 450w\" sizes=\"auto, (max-width: 80px) 100vw, 80px\" \/><\/a>\n\t\t\t<\/dt><\/dl><dl class='gallery-item'>\n\t\t\t<dt class='gallery-icon landscape'>\n\t\t\t\t<a href='https:\/\/www.gravuragaleria.com.br\/wp-content\/uploads\/2018\/06\/LisaRoos_0002_20180509.jpg'><img loading=\"lazy\" decoding=\"async\" width=\"80\" height=\"80\" src=\"https:\/\/www.gravuragaleria.com.br\/wp-content\/uploads\/2018\/06\/LisaRoos_0002_20180509-80x80.jpg\" class=\"attachment-thumbnail size-thumbnail\" alt=\"\" srcset=\"https:\/\/www.gravuragaleria.com.br\/wp-content\/uploads\/2018\/06\/LisaRoos_0002_20180509-80x80.jpg 80w, https:\/\/www.gravuragaleria.com.br\/wp-content\/uploads\/2018\/06\/LisaRoos_0002_20180509-36x36.jpg 36w, https:\/\/www.gravuragaleria.com.br\/wp-content\/uploads\/2018\/06\/LisaRoos_0002_20180509-180x180.jpg 180w, https:\/\/www.gravuragaleria.com.br\/wp-content\/uploads\/2018\/06\/LisaRoos_0002_20180509-120x120.jpg 120w, https:\/\/www.gravuragaleria.com.br\/wp-content\/uploads\/2018\/06\/LisaRoos_0002_20180509-450x450.jpg 450w\" sizes=\"auto, (max-width: 80px) 100vw, 80px\" \/><\/a>\n\t\t\t<\/dt><\/dl><dl class='gallery-item'>\n\t\t\t<dt class='gallery-icon landscape'>\n\t\t\t\t<a href='https:\/\/www.gravuragaleria.com.br\/wp-content\/uploads\/2018\/06\/LisaRoos_0003_20180509.jpg'><img loading=\"lazy\" decoding=\"async\" width=\"80\" height=\"80\" src=\"https:\/\/www.gravuragaleria.com.br\/wp-content\/uploads\/2018\/06\/LisaRoos_0003_20180509-80x80.jpg\" class=\"attachment-thumbnail size-thumbnail\" alt=\"\" srcset=\"https:\/\/www.gravuragaleria.com.br\/wp-content\/uploads\/2018\/06\/LisaRoos_0003_20180509-80x80.jpg 80w, https:\/\/www.gravuragaleria.com.br\/wp-content\/uploads\/2018\/06\/LisaRoos_0003_20180509-36x36.jpg 36w, https:\/\/www.gravuragaleria.com.br\/wp-content\/uploads\/2018\/06\/LisaRoos_0003_20180509-180x180.jpg 180w, https:\/\/www.gravuragaleria.com.br\/wp-content\/uploads\/2018\/06\/LisaRoos_0003_20180509-120x120.jpg 120w, https:\/\/www.gravuragaleria.com.br\/wp-content\/uploads\/2018\/06\/LisaRoos_0003_20180509-450x450.jpg 450w\" sizes=\"auto, (max-width: 80px) 100vw, 80px\" \/><\/a>\n\t\t\t<\/dt><\/dl><dl class='gallery-item'>\n\t\t\t<dt class='gallery-icon landscape'>\n\t\t\t\t<a href='https:\/\/www.gravuragaleria.com.br\/wp-content\/uploads\/2018\/06\/LisaRoos_0025_20180509.jpg'><img loading=\"lazy\" decoding=\"async\" width=\"80\" height=\"80\" src=\"https:\/\/www.gravuragaleria.com.br\/wp-content\/uploads\/2018\/06\/LisaRoos_0025_20180509-80x80.jpg\" class=\"attachment-thumbnail size-thumbnail\" alt=\"\" srcset=\"https:\/\/www.gravuragaleria.com.br\/wp-content\/uploads\/2018\/06\/LisaRoos_0025_20180509-80x80.jpg 80w, https:\/\/www.gravuragaleria.com.br\/wp-content\/uploads\/2018\/06\/LisaRoos_0025_20180509-36x36.jpg 36w, https:\/\/www.gravuragaleria.com.br\/wp-content\/uploads\/2018\/06\/LisaRoos_0025_20180509-180x180.jpg 180w, https:\/\/www.gravuragaleria.com.br\/wp-content\/uploads\/2018\/06\/LisaRoos_0025_20180509-120x120.jpg 120w, https:\/\/www.gravuragaleria.com.br\/wp-content\/uploads\/2018\/06\/LisaRoos_0025_20180509-450x450.jpg 450w\" sizes=\"auto, (max-width: 80px) 100vw, 80px\" \/><\/a>\n\t\t\t<\/dt><\/dl><dl class='gallery-item'>\n\t\t\t<dt class='gallery-icon landscape'>\n\t\t\t\t<a href='https:\/\/www.gravuragaleria.com.br\/wp-content\/uploads\/2018\/06\/LisaRoos_0027_20180509.jpg'><img loading=\"lazy\" decoding=\"async\" width=\"80\" height=\"80\" src=\"https:\/\/www.gravuragaleria.com.br\/wp-content\/uploads\/2018\/06\/LisaRoos_0027_20180509-80x80.jpg\" class=\"attachment-thumbnail size-thumbnail\" alt=\"\" srcset=\"https:\/\/www.gravuragaleria.com.br\/wp-content\/uploads\/2018\/06\/LisaRoos_0027_20180509-80x80.jpg 80w, https:\/\/www.gravuragaleria.com.br\/wp-content\/uploads\/2018\/06\/LisaRoos_0027_20180509-36x36.jpg 36w, https:\/\/www.gravuragaleria.com.br\/wp-content\/uploads\/2018\/06\/LisaRoos_0027_20180509-180x180.jpg 180w, https:\/\/www.gravuragaleria.com.br\/wp-content\/uploads\/2018\/06\/LisaRoos_0027_20180509-120x120.jpg 120w, https:\/\/www.gravuragaleria.com.br\/wp-content\/uploads\/2018\/06\/LisaRoos_0027_20180509-450x450.jpg 450w\" sizes=\"auto, (max-width: 80px) 100vw, 80px\" \/><\/a>\n\t\t\t<\/dt><\/dl><dl class='gallery-item'>\n\t\t\t<dt class='gallery-icon landscape'>\n\t\t\t\t<a href='https:\/\/www.gravuragaleria.com.br\/wp-content\/uploads\/2018\/06\/LisaRoos_0039_20180509.jpg'><img loading=\"lazy\" decoding=\"async\" width=\"80\" height=\"80\" src=\"https:\/\/www.gravuragaleria.com.br\/wp-content\/uploads\/2018\/06\/LisaRoos_0039_20180509-80x80.jpg\" class=\"attachment-thumbnail size-thumbnail\" alt=\"\" srcset=\"https:\/\/www.gravuragaleria.com.br\/wp-content\/uploads\/2018\/06\/LisaRoos_0039_20180509-80x80.jpg 80w, https:\/\/www.gravuragaleria.com.br\/wp-content\/uploads\/2018\/06\/LisaRoos_0039_20180509-36x36.jpg 36w, https:\/\/www.gravuragaleria.com.br\/wp-content\/uploads\/2018\/06\/LisaRoos_0039_20180509-180x180.jpg 180w, https:\/\/www.gravuragaleria.com.br\/wp-content\/uploads\/2018\/06\/LisaRoos_0039_20180509-120x120.jpg 120w, https:\/\/www.gravuragaleria.com.br\/wp-content\/uploads\/2018\/06\/LisaRoos_0039_20180509-450x450.jpg 450w\" sizes=\"auto, (max-width: 80px) 100vw, 80px\" \/><\/a>\n\t\t\t<\/dt><\/dl><dl class='gallery-item'>\n\t\t\t<dt class='gallery-icon landscape'>\n\t\t\t\t<a href='https:\/\/www.gravuragaleria.com.br\/wp-content\/uploads\/2018\/06\/LisaRoos_0041_20180509.jpg'><img loading=\"lazy\" decoding=\"async\" width=\"80\" height=\"80\" src=\"https:\/\/www.gravuragaleria.com.br\/wp-content\/uploads\/2018\/06\/LisaRoos_0041_20180509-80x80.jpg\" class=\"attachment-thumbnail size-thumbnail\" alt=\"\" srcset=\"https:\/\/www.gravuragaleria.com.br\/wp-content\/uploads\/2018\/06\/LisaRoos_0041_20180509-80x80.jpg 80w, https:\/\/www.gravuragaleria.com.br\/wp-content\/uploads\/2018\/06\/LisaRoos_0041_20180509-36x36.jpg 36w, https:\/\/www.gravuragaleria.com.br\/wp-content\/uploads\/2018\/06\/LisaRoos_0041_20180509-180x180.jpg 180w, https:\/\/www.gravuragaleria.com.br\/wp-content\/uploads\/2018\/06\/LisaRoos_0041_20180509-120x120.jpg 120w, https:\/\/www.gravuragaleria.com.br\/wp-content\/uploads\/2018\/06\/LisaRoos_0041_20180509-450x450.jpg 450w\" sizes=\"auto, (max-width: 80px) 100vw, 80px\" \/><\/a>\n\t\t\t<\/dt><\/dl><dl class='gallery-item'>\n\t\t\t<dt class='gallery-icon landscape'>\n\t\t\t\t<a href='https:\/\/www.gravuragaleria.com.br\/wp-content\/uploads\/2018\/06\/LisaRoos_0044_20180509.jpg'><img loading=\"lazy\" decoding=\"async\" width=\"80\" height=\"80\" src=\"https:\/\/www.gravuragaleria.com.br\/wp-content\/uploads\/2018\/06\/LisaRoos_0044_20180509-80x80.jpg\" class=\"attachment-thumbnail size-thumbnail\" alt=\"\" srcset=\"https:\/\/www.gravuragaleria.com.br\/wp-content\/uploads\/2018\/06\/LisaRoos_0044_20180509-80x80.jpg 80w, https:\/\/www.gravuragaleria.com.br\/wp-content\/uploads\/2018\/06\/LisaRoos_0044_20180509-36x36.jpg 36w, https:\/\/www.gravuragaleria.com.br\/wp-content\/uploads\/2018\/06\/LisaRoos_0044_20180509-180x180.jpg 180w, https:\/\/www.gravuragaleria.com.br\/wp-content\/uploads\/2018\/06\/LisaRoos_0044_20180509-120x120.jpg 120w, https:\/\/www.gravuragaleria.com.br\/wp-content\/uploads\/2018\/06\/LisaRoos_0044_20180509-450x450.jpg 450w\" sizes=\"auto, (max-width: 80px) 100vw, 80px\" \/><\/a>\n\t\t\t<\/dt><\/dl><br style=\"clear: both\" \/><dl class='gallery-item'>\n\t\t\t<dt class='gallery-icon landscape'>\n\t\t\t\t<a href='https:\/\/www.gravuragaleria.com.br\/wp-content\/uploads\/2018\/06\/LisaRoos_0065_20180509_Margarida-Stein-e-Rodrigo-Corr\u00eaa.jpg'><img loading=\"lazy\" decoding=\"async\" width=\"80\" height=\"80\" src=\"https:\/\/www.gravuragaleria.com.br\/wp-content\/uploads\/2018\/06\/LisaRoos_0065_20180509_Margarida-Stein-e-Rodrigo-Corr\u00eaa-80x80.jpg\" class=\"attachment-thumbnail size-thumbnail\" alt=\"\" srcset=\"https:\/\/www.gravuragaleria.com.br\/wp-content\/uploads\/2018\/06\/LisaRoos_0065_20180509_Margarida-Stein-e-Rodrigo-Corr\u00eaa-80x80.jpg 80w, https:\/\/www.gravuragaleria.com.br\/wp-content\/uploads\/2018\/06\/LisaRoos_0065_20180509_Margarida-Stein-e-Rodrigo-Corr\u00eaa-36x36.jpg 36w, https:\/\/www.gravuragaleria.com.br\/wp-content\/uploads\/2018\/06\/LisaRoos_0065_20180509_Margarida-Stein-e-Rodrigo-Corr\u00eaa-180x180.jpg 180w, https:\/\/www.gravuragaleria.com.br\/wp-content\/uploads\/2018\/06\/LisaRoos_0065_20180509_Margarida-Stein-e-Rodrigo-Corr\u00eaa-120x120.jpg 120w, https:\/\/www.gravuragaleria.com.br\/wp-content\/uploads\/2018\/06\/LisaRoos_0065_20180509_Margarida-Stein-e-Rodrigo-Corr\u00eaa-450x450.jpg 450w\" sizes=\"auto, (max-width: 80px) 100vw, 80px\" \/><\/a>\n\t\t\t<\/dt><\/dl><dl class='gallery-item'>\n\t\t\t<dt class='gallery-icon landscape'>\n\t\t\t\t<a href='https:\/\/www.gravuragaleria.com.br\/wp-content\/uploads\/2018\/06\/LisaRoos_0121_20180509.jpg'><img loading=\"lazy\" decoding=\"async\" width=\"80\" height=\"80\" src=\"https:\/\/www.gravuragaleria.com.br\/wp-content\/uploads\/2018\/06\/LisaRoos_0121_20180509-80x80.jpg\" class=\"attachment-thumbnail size-thumbnail\" alt=\"\" srcset=\"https:\/\/www.gravuragaleria.com.br\/wp-content\/uploads\/2018\/06\/LisaRoos_0121_20180509-80x80.jpg 80w, https:\/\/www.gravuragaleria.com.br\/wp-content\/uploads\/2018\/06\/LisaRoos_0121_20180509-36x36.jpg 36w, https:\/\/www.gravuragaleria.com.br\/wp-content\/uploads\/2018\/06\/LisaRoos_0121_20180509-180x180.jpg 180w, https:\/\/www.gravuragaleria.com.br\/wp-content\/uploads\/2018\/06\/LisaRoos_0121_20180509-120x120.jpg 120w, https:\/\/www.gravuragaleria.com.br\/wp-content\/uploads\/2018\/06\/LisaRoos_0121_20180509-450x450.jpg 450w\" sizes=\"auto, (max-width: 80px) 100vw, 80px\" \/><\/a>\n\t\t\t<\/dt><\/dl><dl class='gallery-item'>\n\t\t\t<dt class='gallery-icon landscape'>\n\t\t\t\t<a href='https:\/\/www.gravuragaleria.com.br\/wp-content\/uploads\/2018\/06\/LisaRoos_0129_20180509.jpg'><img loading=\"lazy\" decoding=\"async\" width=\"80\" height=\"80\" src=\"https:\/\/www.gravuragaleria.com.br\/wp-content\/uploads\/2018\/06\/LisaRoos_0129_20180509-80x80.jpg\" class=\"attachment-thumbnail size-thumbnail\" alt=\"\" srcset=\"https:\/\/www.gravuragaleria.com.br\/wp-content\/uploads\/2018\/06\/LisaRoos_0129_20180509-80x80.jpg 80w, https:\/\/www.gravuragaleria.com.br\/wp-content\/uploads\/2018\/06\/LisaRoos_0129_20180509-36x36.jpg 36w, https:\/\/www.gravuragaleria.com.br\/wp-content\/uploads\/2018\/06\/LisaRoos_0129_20180509-180x180.jpg 180w, https:\/\/www.gravuragaleria.com.br\/wp-content\/uploads\/2018\/06\/LisaRoos_0129_20180509-120x120.jpg 120w, https:\/\/www.gravuragaleria.com.br\/wp-content\/uploads\/2018\/06\/LisaRoos_0129_20180509-450x450.jpg 450w\" sizes=\"auto, (max-width: 80px) 100vw, 80px\" \/><\/a>\n\t\t\t<\/dt><\/dl>\n\t\t\t<br style='clear: both' \/>\n\t\t<\/div>\n\n","protected":false},"excerpt":{"rendered":"<p>Em homenagem ao Dia das M\u00e3es, Gravura Galeria de Arte abre duas exposi\u00e7\u00f5es de esculturas, instala\u00e7\u00f5es e pinturas na no m\u00eas de maio \u00a0 Na quarta-feira, 09 de maio, inauguram duas novas exposi\u00e7\u00f5es na Gravura Galeria de Arte. As obras de Margarida Stein com a participa\u00e7\u00e3o de Rodrigo Corr\u00eaa ser\u00e3o instaladas na Sala Negra, enquanto [&hellip;]<\/p>\n","protected":false},"author":2,"featured_media":5729,"comment_status":"closed","ping_status":"closed","sticky":false,"template":"","format":"standard","meta":{"footnotes":""},"categories":[2],"tags":[],"class_list":["post-4294","post","type-post","status-publish","format-standard","has-post-thumbnail","hentry","category-exposicoes"],"_links":{"self":[{"href":"https:\/\/www.gravuragaleria.com.br\/index.php?rest_route=\/wp\/v2\/posts\/4294","targetHints":{"allow":["GET"]}}],"collection":[{"href":"https:\/\/www.gravuragaleria.com.br\/index.php?rest_route=\/wp\/v2\/posts"}],"about":[{"href":"https:\/\/www.gravuragaleria.com.br\/index.php?rest_route=\/wp\/v2\/types\/post"}],"author":[{"embeddable":true,"href":"https:\/\/www.gravuragaleria.com.br\/index.php?rest_route=\/wp\/v2\/users\/2"}],"replies":[{"embeddable":true,"href":"https:\/\/www.gravuragaleria.com.br\/index.php?rest_route=%2Fwp%2Fv2%2Fcomments&post=4294"}],"version-history":[{"count":4,"href":"https:\/\/www.gravuragaleria.com.br\/index.php?rest_route=\/wp\/v2\/posts\/4294\/revisions"}],"predecessor-version":[{"id":6870,"href":"https:\/\/www.gravuragaleria.com.br\/index.php?rest_route=\/wp\/v2\/posts\/4294\/revisions\/6870"}],"wp:featuredmedia":[{"embeddable":true,"href":"https:\/\/www.gravuragaleria.com.br\/index.php?rest_route=\/wp\/v2\/media\/5729"}],"wp:attachment":[{"href":"https:\/\/www.gravuragaleria.com.br\/index.php?rest_route=%2Fwp%2Fv2%2Fmedia&parent=4294"}],"wp:term":[{"taxonomy":"category","embeddable":true,"href":"https:\/\/www.gravuragaleria.com.br\/index.php?rest_route=%2Fwp%2Fv2%2Fcategories&post=4294"},{"taxonomy":"post_tag","embeddable":true,"href":"https:\/\/www.gravuragaleria.com.br\/index.php?rest_route=%2Fwp%2Fv2%2Ftags&post=4294"}],"curies":[{"name":"wp","href":"https:\/\/api.w.org\/{rel}","templated":true}]}}