{"id":25941,"date":"2025-03-11T14:50:02","date_gmt":"2025-03-11T17:50:02","guid":{"rendered":"https:\/\/www.gravuragaleria.com.br\/?p=25941"},"modified":"2025-03-11T14:50:05","modified_gmt":"2025-03-11T17:50:05","slug":"gravura-galeria-de-arte-apresenta-a-exposicao-de-esculturas-corpos","status":"publish","type":"post","link":"https:\/\/www.gravuragaleria.com.br\/?p=25941","title":{"rendered":"Gravura Galeria de Arte apresenta a exposi\u00e7\u00e3o de esculturas \u201cCorpos\u201d"},"content":{"rendered":"<p class=\"has-text-align-center\">Na primeira exposi\u00e7\u00e3o do ano, a artista Judith Vergara Martins Costa traz obras em bronze e resina<\/p><p><\/p><p>A Gravura Galeria de Arte (Rua Corte Real, n\u00ba 647, bairro Petr\u00f3polis) apresenta a primeira exposi\u00e7\u00e3o de 2025: \u201cCorpos\u201d, da artista Judith Vergara Martins Costa. O vernissage acontece no dia 12 de mar\u00e7o, das 18h30 \u00e0s 20h30. E a visita\u00e7\u00e3o pode ser conferida at\u00e9 o dia 05 de abril \u2013 de segundas \u00e0s sextas-feiras, das 9h30 \u00e0s 18h30, e aos s\u00e1bados, das 9h30 \u00e0s 13h30.<\/p><p>A exposi\u00e7\u00e3o \u201cCorpos\u201d traz pe\u00e7as esculpidas na brutalidade da argila que ganham leveza atrav\u00e9s das m\u00e3os de Judith. A modelagem da mat\u00e9ria-prima bruta e a transforma\u00e7\u00e3o em pe\u00e7as sens\u00edveis e afetivas \u00e9 o principal destaque da artista. Mesmo com a sensibilidade, atrav\u00e9s do conjunto de corpos entrela\u00e7ados, abra\u00e7ados e interligados, as esculturas s\u00e3o firmes, precisas e oponentes, contando hist\u00f3rias sobre a dan\u00e7a harm\u00f4nica da vida. A emo\u00e7\u00e3o de toda a trajet\u00f3ria humana \u00e9 captada nas obras trazendo um convite \u00e0 introspec\u00e7\u00e3o e \u00e0 mem\u00f3ria. Filha do escultor Cl\u00e1udio Martins Costa (1932-2008), Judith faz jus em sua arte \u00e0 linguagem escult\u00f3rica definida pelo seu pai como \u201cemo\u00e7\u00e3o em volume\u201d.<\/p><p>Judith \u00e9 graduada em direito e foi Auditora P\u00fablica durante 30 anos, no Tribunal de Contas do Estado do RS. A vida na arte iniciou na d\u00e9cada de 80, no ateli\u00ea do pai, esculpindo cer\u00e2micas e joias. Nos anos 90, frequentou o Ateli\u00ea Livre da prefeitura de Porto Alegre e em 2020, por conta da pandemia de COVID-10, estabeleceu seu pr\u00f3prio ateli\u00ea em Torres \u2013 RS, no qual come\u00e7ou a dedica\u00e7\u00e3o integral \u00e0s esculturas.<\/p><p><\/p><p>SERVI\u00c7O | EXPOSI\u00c7\u00c3O \u201cCORPOS\u201d, NA GRAVURA GALERIA DE ARTE<\/p><p>Vernissage: 12\/03\/2025, quarta-feira, das 18h30 \u00e0s 20h30.<br>Visita\u00e7\u00e3o: de 13\/03\/2025 at\u00e9 05\/04\/2025, de segundas a sextas-feiras, das 9h30 \u00e0s 18h30, e aos s\u00e1bados, das 9h30 \u00e0s 13h30.<br>Endere\u00e7o: Rua Corte Real, 647 \u2013 Bairro Petr\u00f3polis. Porto Alegre \u2013 RS<br>Telefones: (51) 3333-1946, (51) 99718-9258 (WhatsApp) ou (51) 99666-3972.<br>Instagram: gravuragaleria<br>Site: www.gravuragaleria.com.br<\/p><p><\/p><div class=\"wp-block-group\"><div class=\"wp-block-group__inner-container is-layout-flow wp-block-group-is-layout-flow\"><div class=\"wp-block-group\"><div class=\"wp-block-group__inner-container is-layout-flow wp-block-group-is-layout-flow\"><\/div><\/div><\/div><\/div><figure class=\"wp-block-gallery has-nested-images columns-default is-cropped wp-block-gallery-1 is-layout-flex wp-block-gallery-is-layout-flex\"><figure class=\"wp-block-image size-large\"><img loading=\"lazy\" decoding=\"async\" width=\"772\" height=\"1030\" data-id=\"25943\" src=\"https:\/\/www.gravuragaleria.com.br\/wp-content\/uploads\/2025\/03\/CONVITEvirtual-772x1030.jpg\" alt=\"\" class=\"wp-image-25943\" srcset=\"https:\/\/www.gravuragaleria.com.br\/wp-content\/uploads\/2025\/03\/CONVITEvirtual-772x1030.jpg 772w, https:\/\/www.gravuragaleria.com.br\/wp-content\/uploads\/2025\/03\/CONVITEvirtual-225x300.jpg 225w, https:\/\/www.gravuragaleria.com.br\/wp-content\/uploads\/2025\/03\/CONVITEvirtual-768x1024.jpg 768w, https:\/\/www.gravuragaleria.com.br\/wp-content\/uploads\/2025\/03\/CONVITEvirtual-529x705.jpg 529w, https:\/\/www.gravuragaleria.com.br\/wp-content\/uploads\/2025\/03\/CONVITEvirtual-450x600.jpg 450w, https:\/\/www.gravuragaleria.com.br\/wp-content\/uploads\/2025\/03\/CONVITEvirtual-600x800.jpg 600w, https:\/\/www.gravuragaleria.com.br\/wp-content\/uploads\/2025\/03\/CONVITEvirtual.jpg 800w\" sizes=\"auto, (max-width: 772px) 100vw, 772px\" \/><\/figure><\/figure><figure class=\"wp-block-gallery has-nested-images columns-default is-cropped wp-block-gallery-2 is-layout-flex wp-block-gallery-is-layout-flex\"><\/figure>","protected":false},"excerpt":{"rendered":"<p>Na primeira exposi\u00e7\u00e3o do ano, a artista Judith Vergara Martins Costa traz obras em bronze e resina A Gravura Galeria de Arte (Rua Corte Real, n\u00ba 647, bairro Petr\u00f3polis) apresenta a primeira exposi\u00e7\u00e3o de 2025: \u201cCorpos\u201d, da artista Judith Vergara Martins Costa. O vernissage acontece no dia 12 de mar\u00e7o, das 18h30 \u00e0s 20h30. E [&hellip;]<\/p>\n","protected":false},"author":3,"featured_media":25942,"comment_status":"closed","ping_status":"closed","sticky":false,"template":"","format":"standard","meta":{"footnotes":""},"categories":[122,2],"tags":[],"class_list":["post-25941","post","type-post","status-publish","format-standard","has-post-thumbnail","hentry","category-atlantida-arte-2025","category-exposicoes"],"_links":{"self":[{"href":"https:\/\/www.gravuragaleria.com.br\/index.php?rest_route=\/wp\/v2\/posts\/25941","targetHints":{"allow":["GET"]}}],"collection":[{"href":"https:\/\/www.gravuragaleria.com.br\/index.php?rest_route=\/wp\/v2\/posts"}],"about":[{"href":"https:\/\/www.gravuragaleria.com.br\/index.php?rest_route=\/wp\/v2\/types\/post"}],"author":[{"embeddable":true,"href":"https:\/\/www.gravuragaleria.com.br\/index.php?rest_route=\/wp\/v2\/users\/3"}],"replies":[{"embeddable":true,"href":"https:\/\/www.gravuragaleria.com.br\/index.php?rest_route=%2Fwp%2Fv2%2Fcomments&post=25941"}],"version-history":[{"count":1,"href":"https:\/\/www.gravuragaleria.com.br\/index.php?rest_route=\/wp\/v2\/posts\/25941\/revisions"}],"predecessor-version":[{"id":25944,"href":"https:\/\/www.gravuragaleria.com.br\/index.php?rest_route=\/wp\/v2\/posts\/25941\/revisions\/25944"}],"wp:featuredmedia":[{"embeddable":true,"href":"https:\/\/www.gravuragaleria.com.br\/index.php?rest_route=\/wp\/v2\/media\/25942"}],"wp:attachment":[{"href":"https:\/\/www.gravuragaleria.com.br\/index.php?rest_route=%2Fwp%2Fv2%2Fmedia&parent=25941"}],"wp:term":[{"taxonomy":"category","embeddable":true,"href":"https:\/\/www.gravuragaleria.com.br\/index.php?rest_route=%2Fwp%2Fv2%2Fcategories&post=25941"},{"taxonomy":"post_tag","embeddable":true,"href":"https:\/\/www.gravuragaleria.com.br\/index.php?rest_route=%2Fwp%2Fv2%2Ftags&post=25941"}],"curies":[{"name":"wp","href":"https:\/\/api.w.org\/{rel}","templated":true}]}}