{"id":1879,"date":"2012-03-11T16:23:43","date_gmt":"2012-03-11T19:23:43","guid":{"rendered":"http:\/\/gravuragaleria1.tempsite.ws\/?p=1879"},"modified":"2018-08-15T17:27:23","modified_gmt":"2018-08-15T20:27:23","slug":"atlantida-arte-2012","status":"publish","type":"post","link":"https:\/\/www.gravuragaleria.com.br\/?p=1879","title":{"rendered":"Atl\u00e2ntida Arte 2012"},"content":{"rendered":"<p>A partir do dia 12 de novembro, a Gravura Galeria d\u00e1 in\u00edcio ao ciclo de exposi\u00e7\u00f5es Atl\u00e2ntida Arte 2012. O projeto, uma parceria com a Aria Design de M\u00f3veis, leva a produ\u00e7\u00e3o de v\u00e1rios artistas para o litoral ga\u00facho no per\u00edodo de ver\u00e3o, sendo um atrativo a mais para quem circula pelas praias.<br \/>\nA mostra coletiva reunir\u00e1 o trabalho de 32 artistas, em diferentes estilos: esculturas, pinturas, gravuras, desenhos e fotografias. A lista de participantes inclui Alice Soares, Angela Zaffari, Antonio Soriano, Benno Pferscher, Breno Nora, Biba Mattos, Celma Paese, Clara Pechansky, Claudia Duarte, Claudia Zirbes, Corali Cardoso, Daniela Nunes, Eliane Magnani, Elizethe Borghetti, Erico Santos, Helena Francisconi, Mar\u00edlia Chartune, M\u00e1rcia Marostega, Maria In\u00eas Rodrigues, Maria Luiza Cangeri, Marion Lunke, Rosali Plentz, Rosane Heck Theisen, Roseli Deon, Susana Luft, Suzi Etchepare, V\u00e2nia Kwitko, Vera Maria Hemb Becker, Victor Hugo Porto. Estreiam no projeto Carmen Adegas, Eneida Serrano, e Traudi Meurer.<br \/>\nA nova temporada do Atl\u00e2ntida Arte seguir\u00e1 at\u00e9 11 de mar\u00e7o de 2012. O endere\u00e7o da Gravura Galeria na praia de Atl\u00e2ntida \u00e9 Av. Paraguassu, 4.200 e a visita\u00e7\u00e3o ao p\u00fablico estar\u00e1 aberta todos os dias, das 10h \u00e0s 19h.<\/p>\n<p>&nbsp;<\/p>\n<p>&nbsp;<\/p>\n\n\t\t<style type=\"text\/css\">\n\t\t\t#gallery-1 {\n\t\t\t\tmargin: auto;\n\t\t\t}\n\t\t\t#gallery-1 .gallery-item {\n\t\t\t\tfloat: left;\n\t\t\t\tmargin-top: 10px;\n\t\t\t\ttext-align: center;\n\t\t\t\twidth: 12%;\n\t\t\t}\n\t\t\t#gallery-1 img {\n\t\t\t\tborder: 2px solid #cfcfcf;\n\t\t\t}\n\t\t\t#gallery-1 .gallery-caption {\n\t\t\t\tmargin-left: 0;\n\t\t\t}\n\t\t\t\/* see gallery_shortcode() in wp-includes\/media.php *\/\n\t\t<\/style>\n\t\t<div id='gallery-1' class='gallery galleryid-1879 gallery-columns-8 gallery-size-thumbnail'><dl class='gallery-item'>\n\t\t\t<dt class='gallery-icon portrait'>\n\t\t\t\t<a href='https:\/\/www.gravuragaleria.com.br\/wp-content\/uploads\/2012\/03\/Alice-Soares.jpg'><img loading=\"lazy\" decoding=\"async\" width=\"80\" height=\"80\" src=\"https:\/\/www.gravuragaleria.com.br\/wp-content\/uploads\/2012\/03\/Alice-Soares-80x80.jpg\" class=\"attachment-thumbnail size-thumbnail\" alt=\"\" srcset=\"https:\/\/www.gravuragaleria.com.br\/wp-content\/uploads\/2012\/03\/Alice-Soares-80x80.jpg 80w, https:\/\/www.gravuragaleria.com.br\/wp-content\/uploads\/2012\/03\/Alice-Soares-36x36.jpg 36w, https:\/\/www.gravuragaleria.com.br\/wp-content\/uploads\/2012\/03\/Alice-Soares-180x180.jpg 180w, https:\/\/www.gravuragaleria.com.br\/wp-content\/uploads\/2012\/03\/Alice-Soares-120x120.jpg 120w, https:\/\/www.gravuragaleria.com.br\/wp-content\/uploads\/2012\/03\/Alice-Soares-450x450.jpg 450w\" sizes=\"auto, (max-width: 80px) 100vw, 80px\" \/><\/a>\n\t\t\t<\/dt><\/dl><dl class='gallery-item'>\n\t\t\t<dt class='gallery-icon landscape'>\n\t\t\t\t<a href='https:\/\/www.gravuragaleria.com.br\/wp-content\/uploads\/2012\/03\/Angela-Zaffari.jpg'><img loading=\"lazy\" decoding=\"async\" width=\"80\" height=\"80\" src=\"https:\/\/www.gravuragaleria.com.br\/wp-content\/uploads\/2012\/03\/Angela-Zaffari-80x80.jpg\" class=\"attachment-thumbnail size-thumbnail\" alt=\"\" srcset=\"https:\/\/www.gravuragaleria.com.br\/wp-content\/uploads\/2012\/03\/Angela-Zaffari-80x80.jpg 80w, https:\/\/www.gravuragaleria.com.br\/wp-content\/uploads\/2012\/03\/Angela-Zaffari-300x300.jpg 300w, https:\/\/www.gravuragaleria.com.br\/wp-content\/uploads\/2012\/03\/Angela-Zaffari-36x36.jpg 36w, https:\/\/www.gravuragaleria.com.br\/wp-content\/uploads\/2012\/03\/Angela-Zaffari-180x180.jpg 180w, https:\/\/www.gravuragaleria.com.br\/wp-content\/uploads\/2012\/03\/Angela-Zaffari-120x120.jpg 120w, https:\/\/www.gravuragaleria.com.br\/wp-content\/uploads\/2012\/03\/Angela-Zaffari-450x450.jpg 450w, https:\/\/www.gravuragaleria.com.br\/wp-content\/uploads\/2012\/03\/Angela-Zaffari.jpg 470w\" sizes=\"auto, (max-width: 80px) 100vw, 80px\" \/><\/a>\n\t\t\t<\/dt><\/dl><dl class='gallery-item'>\n\t\t\t<dt class='gallery-icon landscape'>\n\t\t\t\t<a href='https:\/\/www.gravuragaleria.com.br\/wp-content\/uploads\/2012\/03\/Antonio-Soriano.jpg'><img loading=\"lazy\" decoding=\"async\" width=\"80\" height=\"80\" src=\"https:\/\/www.gravuragaleria.com.br\/wp-content\/uploads\/2012\/03\/Antonio-Soriano-80x80.jpg\" class=\"attachment-thumbnail size-thumbnail\" alt=\"\" srcset=\"https:\/\/www.gravuragaleria.com.br\/wp-content\/uploads\/2012\/03\/Antonio-Soriano-80x80.jpg 80w, https:\/\/www.gravuragaleria.com.br\/wp-content\/uploads\/2012\/03\/Antonio-Soriano-36x36.jpg 36w, https:\/\/www.gravuragaleria.com.br\/wp-content\/uploads\/2012\/03\/Antonio-Soriano-180x180.jpg 180w, https:\/\/www.gravuragaleria.com.br\/wp-content\/uploads\/2012\/03\/Antonio-Soriano-120x120.jpg 120w, https:\/\/www.gravuragaleria.com.br\/wp-content\/uploads\/2012\/03\/Antonio-Soriano-450x450.jpg 450w\" sizes=\"auto, (max-width: 80px) 100vw, 80px\" \/><\/a>\n\t\t\t<\/dt><\/dl><dl class='gallery-item'>\n\t\t\t<dt class='gallery-icon landscape'>\n\t\t\t\t<a href='https:\/\/www.gravuragaleria.com.br\/wp-content\/uploads\/2012\/03\/Benno-Pferscher.jpg'><img loading=\"lazy\" decoding=\"async\" width=\"80\" height=\"80\" src=\"https:\/\/www.gravuragaleria.com.br\/wp-content\/uploads\/2012\/03\/Benno-Pferscher-80x80.jpg\" class=\"attachment-thumbnail size-thumbnail\" alt=\"\" srcset=\"https:\/\/www.gravuragaleria.com.br\/wp-content\/uploads\/2012\/03\/Benno-Pferscher-80x80.jpg 80w, https:\/\/www.gravuragaleria.com.br\/wp-content\/uploads\/2012\/03\/Benno-Pferscher-36x36.jpg 36w, https:\/\/www.gravuragaleria.com.br\/wp-content\/uploads\/2012\/03\/Benno-Pferscher-180x180.jpg 180w, https:\/\/www.gravuragaleria.com.br\/wp-content\/uploads\/2012\/03\/Benno-Pferscher-120x120.jpg 120w, https:\/\/www.gravuragaleria.com.br\/wp-content\/uploads\/2012\/03\/Benno-Pferscher-450x450.jpg 450w\" sizes=\"auto, (max-width: 80px) 100vw, 80px\" \/><\/a>\n\t\t\t<\/dt><\/dl><dl class='gallery-item'>\n\t\t\t<dt class='gallery-icon portrait'>\n\t\t\t\t<a href='https:\/\/www.gravuragaleria.com.br\/wp-content\/uploads\/2012\/03\/Biba-Mattos.jpg'><img loading=\"lazy\" decoding=\"async\" width=\"80\" height=\"80\" src=\"https:\/\/www.gravuragaleria.com.br\/wp-content\/uploads\/2012\/03\/Biba-Mattos-80x80.jpg\" class=\"attachment-thumbnail size-thumbnail\" alt=\"\" srcset=\"https:\/\/www.gravuragaleria.com.br\/wp-content\/uploads\/2012\/03\/Biba-Mattos-80x80.jpg 80w, https:\/\/www.gravuragaleria.com.br\/wp-content\/uploads\/2012\/03\/Biba-Mattos-36x36.jpg 36w, https:\/\/www.gravuragaleria.com.br\/wp-content\/uploads\/2012\/03\/Biba-Mattos-180x180.jpg 180w, https:\/\/www.gravuragaleria.com.br\/wp-content\/uploads\/2012\/03\/Biba-Mattos-120x120.jpg 120w, https:\/\/www.gravuragaleria.com.br\/wp-content\/uploads\/2012\/03\/Biba-Mattos-450x450.jpg 450w\" sizes=\"auto, (max-width: 80px) 100vw, 80px\" \/><\/a>\n\t\t\t<\/dt><\/dl><dl class='gallery-item'>\n\t\t\t<dt class='gallery-icon portrait'>\n\t\t\t\t<a href='https:\/\/www.gravuragaleria.com.br\/wp-content\/uploads\/2012\/03\/Breno-Nora.jpg'><img loading=\"lazy\" decoding=\"async\" width=\"80\" height=\"80\" src=\"https:\/\/www.gravuragaleria.com.br\/wp-content\/uploads\/2012\/03\/Breno-Nora-80x80.jpg\" class=\"attachment-thumbnail size-thumbnail\" alt=\"\" srcset=\"https:\/\/www.gravuragaleria.com.br\/wp-content\/uploads\/2012\/03\/Breno-Nora-80x80.jpg 80w, https:\/\/www.gravuragaleria.com.br\/wp-content\/uploads\/2012\/03\/Breno-Nora-36x36.jpg 36w, https:\/\/www.gravuragaleria.com.br\/wp-content\/uploads\/2012\/03\/Breno-Nora-180x180.jpg 180w, https:\/\/www.gravuragaleria.com.br\/wp-content\/uploads\/2012\/03\/Breno-Nora-120x120.jpg 120w, https:\/\/www.gravuragaleria.com.br\/wp-content\/uploads\/2012\/03\/Breno-Nora-450x450.jpg 450w\" sizes=\"auto, (max-width: 80px) 100vw, 80px\" \/><\/a>\n\t\t\t<\/dt><\/dl><dl class='gallery-item'>\n\t\t\t<dt class='gallery-icon landscape'>\n\t\t\t\t<a href='https:\/\/www.gravuragaleria.com.br\/wp-content\/uploads\/2012\/03\/Carmen-Adegas.jpg'><img loading=\"lazy\" decoding=\"async\" width=\"80\" height=\"80\" src=\"https:\/\/www.gravuragaleria.com.br\/wp-content\/uploads\/2012\/03\/Carmen-Adegas-80x80.jpg\" class=\"attachment-thumbnail size-thumbnail\" alt=\"\" srcset=\"https:\/\/www.gravuragaleria.com.br\/wp-content\/uploads\/2012\/03\/Carmen-Adegas-80x80.jpg 80w, https:\/\/www.gravuragaleria.com.br\/wp-content\/uploads\/2012\/03\/Carmen-Adegas-300x298.jpg 300w, https:\/\/www.gravuragaleria.com.br\/wp-content\/uploads\/2012\/03\/Carmen-Adegas-768x763.jpg 768w, https:\/\/www.gravuragaleria.com.br\/wp-content\/uploads\/2012\/03\/Carmen-Adegas-1030x1023.jpg 1030w, https:\/\/www.gravuragaleria.com.br\/wp-content\/uploads\/2012\/03\/Carmen-Adegas-36x36.jpg 36w, https:\/\/www.gravuragaleria.com.br\/wp-content\/uploads\/2012\/03\/Carmen-Adegas-180x180.jpg 180w, https:\/\/www.gravuragaleria.com.br\/wp-content\/uploads\/2012\/03\/Carmen-Adegas-1500x1490.jpg 1500w, https:\/\/www.gravuragaleria.com.br\/wp-content\/uploads\/2012\/03\/Carmen-Adegas-705x700.jpg 705w, https:\/\/www.gravuragaleria.com.br\/wp-content\/uploads\/2012\/03\/Carmen-Adegas-120x120.jpg 120w, https:\/\/www.gravuragaleria.com.br\/wp-content\/uploads\/2012\/03\/Carmen-Adegas-450x447.jpg 450w\" sizes=\"auto, (max-width: 80px) 100vw, 80px\" \/><\/a>\n\t\t\t<\/dt><\/dl><dl class='gallery-item'>\n\t\t\t<dt class='gallery-icon landscape'>\n\t\t\t\t<a href='https:\/\/www.gravuragaleria.com.br\/wp-content\/uploads\/2012\/03\/Celma-Paese.jpg'><img loading=\"lazy\" decoding=\"async\" width=\"80\" height=\"80\" src=\"https:\/\/www.gravuragaleria.com.br\/wp-content\/uploads\/2012\/03\/Celma-Paese-80x80.jpg\" class=\"attachment-thumbnail size-thumbnail\" alt=\"\" srcset=\"https:\/\/www.gravuragaleria.com.br\/wp-content\/uploads\/2012\/03\/Celma-Paese-80x80.jpg 80w, https:\/\/www.gravuragaleria.com.br\/wp-content\/uploads\/2012\/03\/Celma-Paese-36x36.jpg 36w, https:\/\/www.gravuragaleria.com.br\/wp-content\/uploads\/2012\/03\/Celma-Paese-180x180.jpg 180w, https:\/\/www.gravuragaleria.com.br\/wp-content\/uploads\/2012\/03\/Celma-Paese-120x120.jpg 120w, https:\/\/www.gravuragaleria.com.br\/wp-content\/uploads\/2012\/03\/Celma-Paese-450x450.jpg 450w\" sizes=\"auto, (max-width: 80px) 100vw, 80px\" \/><\/a>\n\t\t\t<\/dt><\/dl><br style=\"clear: both\" \/><dl class='gallery-item'>\n\t\t\t<dt class='gallery-icon landscape'>\n\t\t\t\t<a href='https:\/\/www.gravuragaleria.com.br\/wp-content\/uploads\/2012\/03\/Clara-Pechansky.jpg'><img loading=\"lazy\" decoding=\"async\" width=\"80\" height=\"80\" src=\"https:\/\/www.gravuragaleria.com.br\/wp-content\/uploads\/2012\/03\/Clara-Pechansky-80x80.jpg\" class=\"attachment-thumbnail size-thumbnail\" alt=\"\" srcset=\"https:\/\/www.gravuragaleria.com.br\/wp-content\/uploads\/2012\/03\/Clara-Pechansky-80x80.jpg 80w, https:\/\/www.gravuragaleria.com.br\/wp-content\/uploads\/2012\/03\/Clara-Pechansky-36x36.jpg 36w, https:\/\/www.gravuragaleria.com.br\/wp-content\/uploads\/2012\/03\/Clara-Pechansky-180x180.jpg 180w, https:\/\/www.gravuragaleria.com.br\/wp-content\/uploads\/2012\/03\/Clara-Pechansky-120x120.jpg 120w, https:\/\/www.gravuragaleria.com.br\/wp-content\/uploads\/2012\/03\/Clara-Pechansky-450x450.jpg 450w\" sizes=\"auto, (max-width: 80px) 100vw, 80px\" \/><\/a>\n\t\t\t<\/dt><\/dl><dl class='gallery-item'>\n\t\t\t<dt class='gallery-icon portrait'>\n\t\t\t\t<a href='https:\/\/www.gravuragaleria.com.br\/wp-content\/uploads\/2012\/03\/Claudia-Duarte.jpg'><img loading=\"lazy\" decoding=\"async\" width=\"80\" height=\"80\" src=\"https:\/\/www.gravuragaleria.com.br\/wp-content\/uploads\/2012\/03\/Claudia-Duarte-80x80.jpg\" class=\"attachment-thumbnail size-thumbnail\" alt=\"\" srcset=\"https:\/\/www.gravuragaleria.com.br\/wp-content\/uploads\/2012\/03\/Claudia-Duarte-80x80.jpg 80w, https:\/\/www.gravuragaleria.com.br\/wp-content\/uploads\/2012\/03\/Claudia-Duarte-36x36.jpg 36w, https:\/\/www.gravuragaleria.com.br\/wp-content\/uploads\/2012\/03\/Claudia-Duarte-180x180.jpg 180w, https:\/\/www.gravuragaleria.com.br\/wp-content\/uploads\/2012\/03\/Claudia-Duarte-120x120.jpg 120w, https:\/\/www.gravuragaleria.com.br\/wp-content\/uploads\/2012\/03\/Claudia-Duarte-450x450.jpg 450w\" sizes=\"auto, (max-width: 80px) 100vw, 80px\" \/><\/a>\n\t\t\t<\/dt><\/dl><dl class='gallery-item'>\n\t\t\t<dt class='gallery-icon landscape'>\n\t\t\t\t<a href='https:\/\/www.gravuragaleria.com.br\/wp-content\/uploads\/2012\/03\/Cl\u00e1udia-Zirbes.jpg'><img loading=\"lazy\" decoding=\"async\" width=\"80\" height=\"80\" src=\"https:\/\/www.gravuragaleria.com.br\/wp-content\/uploads\/2012\/03\/Cl\u00e1udia-Zirbes-80x80.jpg\" class=\"attachment-thumbnail size-thumbnail\" alt=\"\" srcset=\"https:\/\/www.gravuragaleria.com.br\/wp-content\/uploads\/2012\/03\/Cl\u00e1udia-Zirbes-80x80.jpg 80w, https:\/\/www.gravuragaleria.com.br\/wp-content\/uploads\/2012\/03\/Cl\u00e1udia-Zirbes-36x36.jpg 36w, https:\/\/www.gravuragaleria.com.br\/wp-content\/uploads\/2012\/03\/Cl\u00e1udia-Zirbes-180x180.jpg 180w, https:\/\/www.gravuragaleria.com.br\/wp-content\/uploads\/2012\/03\/Cl\u00e1udia-Zirbes-120x120.jpg 120w, https:\/\/www.gravuragaleria.com.br\/wp-content\/uploads\/2012\/03\/Cl\u00e1udia-Zirbes-450x450.jpg 450w\" sizes=\"auto, (max-width: 80px) 100vw, 80px\" \/><\/a>\n\t\t\t<\/dt><\/dl><dl class='gallery-item'>\n\t\t\t<dt class='gallery-icon landscape'>\n\t\t\t\t<a href='https:\/\/www.gravuragaleria.com.br\/wp-content\/uploads\/2012\/03\/Convite-Atl\u00e2ntida-WEB-01.jpg'><img loading=\"lazy\" decoding=\"async\" width=\"80\" height=\"80\" src=\"https:\/\/www.gravuragaleria.com.br\/wp-content\/uploads\/2012\/03\/Convite-Atl\u00e2ntida-WEB-01-80x80.jpg\" class=\"attachment-thumbnail size-thumbnail\" alt=\"\" srcset=\"https:\/\/www.gravuragaleria.com.br\/wp-content\/uploads\/2012\/03\/Convite-Atl\u00e2ntida-WEB-01-80x80.jpg 80w, https:\/\/www.gravuragaleria.com.br\/wp-content\/uploads\/2012\/03\/Convite-Atl\u00e2ntida-WEB-01-36x36.jpg 36w, https:\/\/www.gravuragaleria.com.br\/wp-content\/uploads\/2012\/03\/Convite-Atl\u00e2ntida-WEB-01-180x180.jpg 180w, https:\/\/www.gravuragaleria.com.br\/wp-content\/uploads\/2012\/03\/Convite-Atl\u00e2ntida-WEB-01-120x120.jpg 120w, https:\/\/www.gravuragaleria.com.br\/wp-content\/uploads\/2012\/03\/Convite-Atl\u00e2ntida-WEB-01-450x450.jpg 450w\" sizes=\"auto, (max-width: 80px) 100vw, 80px\" \/><\/a>\n\t\t\t<\/dt><\/dl><dl class='gallery-item'>\n\t\t\t<dt class='gallery-icon landscape'>\n\t\t\t\t<a href='https:\/\/www.gravuragaleria.com.br\/wp-content\/uploads\/2012\/03\/Corali-Cardoso.jpg'><img loading=\"lazy\" decoding=\"async\" width=\"80\" height=\"80\" src=\"https:\/\/www.gravuragaleria.com.br\/wp-content\/uploads\/2012\/03\/Corali-Cardoso-80x80.jpg\" class=\"attachment-thumbnail size-thumbnail\" alt=\"\" srcset=\"https:\/\/www.gravuragaleria.com.br\/wp-content\/uploads\/2012\/03\/Corali-Cardoso-80x80.jpg 80w, https:\/\/www.gravuragaleria.com.br\/wp-content\/uploads\/2012\/03\/Corali-Cardoso-36x36.jpg 36w, https:\/\/www.gravuragaleria.com.br\/wp-content\/uploads\/2012\/03\/Corali-Cardoso-180x180.jpg 180w, https:\/\/www.gravuragaleria.com.br\/wp-content\/uploads\/2012\/03\/Corali-Cardoso-120x120.jpg 120w, https:\/\/www.gravuragaleria.com.br\/wp-content\/uploads\/2012\/03\/Corali-Cardoso-450x450.jpg 450w\" sizes=\"auto, (max-width: 80px) 100vw, 80px\" \/><\/a>\n\t\t\t<\/dt><\/dl><dl class='gallery-item'>\n\t\t\t<dt class='gallery-icon portrait'>\n\t\t\t\t<a href='https:\/\/www.gravuragaleria.com.br\/wp-content\/uploads\/2012\/03\/Daniela-Nunes.jpg'><img loading=\"lazy\" decoding=\"async\" width=\"80\" height=\"80\" src=\"https:\/\/www.gravuragaleria.com.br\/wp-content\/uploads\/2012\/03\/Daniela-Nunes-80x80.jpg\" class=\"attachment-thumbnail size-thumbnail\" alt=\"\" srcset=\"https:\/\/www.gravuragaleria.com.br\/wp-content\/uploads\/2012\/03\/Daniela-Nunes-80x80.jpg 80w, https:\/\/www.gravuragaleria.com.br\/wp-content\/uploads\/2012\/03\/Daniela-Nunes-36x36.jpg 36w, https:\/\/www.gravuragaleria.com.br\/wp-content\/uploads\/2012\/03\/Daniela-Nunes-180x180.jpg 180w, https:\/\/www.gravuragaleria.com.br\/wp-content\/uploads\/2012\/03\/Daniela-Nunes-120x120.jpg 120w, https:\/\/www.gravuragaleria.com.br\/wp-content\/uploads\/2012\/03\/Daniela-Nunes-450x450.jpg 450w\" sizes=\"auto, (max-width: 80px) 100vw, 80px\" \/><\/a>\n\t\t\t<\/dt><\/dl><dl class='gallery-item'>\n\t\t\t<dt class='gallery-icon landscape'>\n\t\t\t\t<a href='https:\/\/www.gravuragaleria.com.br\/wp-content\/uploads\/2012\/03\/Eliane-Magnani.jpg'><img loading=\"lazy\" decoding=\"async\" width=\"80\" height=\"80\" src=\"https:\/\/www.gravuragaleria.com.br\/wp-content\/uploads\/2012\/03\/Eliane-Magnani-80x80.jpg\" class=\"attachment-thumbnail size-thumbnail\" alt=\"\" srcset=\"https:\/\/www.gravuragaleria.com.br\/wp-content\/uploads\/2012\/03\/Eliane-Magnani-80x80.jpg 80w, https:\/\/www.gravuragaleria.com.br\/wp-content\/uploads\/2012\/03\/Eliane-Magnani-36x36.jpg 36w, https:\/\/www.gravuragaleria.com.br\/wp-content\/uploads\/2012\/03\/Eliane-Magnani-180x180.jpg 180w, https:\/\/www.gravuragaleria.com.br\/wp-content\/uploads\/2012\/03\/Eliane-Magnani-120x120.jpg 120w, https:\/\/www.gravuragaleria.com.br\/wp-content\/uploads\/2012\/03\/Eliane-Magnani-450x450.jpg 450w\" sizes=\"auto, (max-width: 80px) 100vw, 80px\" \/><\/a>\n\t\t\t<\/dt><\/dl><dl class='gallery-item'>\n\t\t\t<dt class='gallery-icon landscape'>\n\t\t\t\t<a href='https:\/\/www.gravuragaleria.com.br\/wp-content\/uploads\/2012\/03\/Elizethe-Borghetti.jpg'><img loading=\"lazy\" decoding=\"async\" width=\"80\" height=\"80\" src=\"https:\/\/www.gravuragaleria.com.br\/wp-content\/uploads\/2012\/03\/Elizethe-Borghetti-80x80.jpg\" class=\"attachment-thumbnail size-thumbnail\" alt=\"\" srcset=\"https:\/\/www.gravuragaleria.com.br\/wp-content\/uploads\/2012\/03\/Elizethe-Borghetti-80x80.jpg 80w, https:\/\/www.gravuragaleria.com.br\/wp-content\/uploads\/2012\/03\/Elizethe-Borghetti-36x36.jpg 36w, https:\/\/www.gravuragaleria.com.br\/wp-content\/uploads\/2012\/03\/Elizethe-Borghetti-180x180.jpg 180w, https:\/\/www.gravuragaleria.com.br\/wp-content\/uploads\/2012\/03\/Elizethe-Borghetti-120x120.jpg 120w, https:\/\/www.gravuragaleria.com.br\/wp-content\/uploads\/2012\/03\/Elizethe-Borghetti-450x450.jpg 450w\" sizes=\"auto, (max-width: 80px) 100vw, 80px\" \/><\/a>\n\t\t\t<\/dt><\/dl><br style=\"clear: both\" \/><dl class='gallery-item'>\n\t\t\t<dt class='gallery-icon landscape'>\n\t\t\t\t<a href='https:\/\/www.gravuragaleria.com.br\/wp-content\/uploads\/2012\/03\/Eneida-Serrano.jpg'><img loading=\"lazy\" decoding=\"async\" width=\"80\" height=\"80\" src=\"https:\/\/www.gravuragaleria.com.br\/wp-content\/uploads\/2012\/03\/Eneida-Serrano-80x80.jpg\" class=\"attachment-thumbnail size-thumbnail\" alt=\"\" srcset=\"https:\/\/www.gravuragaleria.com.br\/wp-content\/uploads\/2012\/03\/Eneida-Serrano-80x80.jpg 80w, https:\/\/www.gravuragaleria.com.br\/wp-content\/uploads\/2012\/03\/Eneida-Serrano-36x36.jpg 36w, https:\/\/www.gravuragaleria.com.br\/wp-content\/uploads\/2012\/03\/Eneida-Serrano-180x180.jpg 180w, https:\/\/www.gravuragaleria.com.br\/wp-content\/uploads\/2012\/03\/Eneida-Serrano-120x120.jpg 120w\" sizes=\"auto, (max-width: 80px) 100vw, 80px\" \/><\/a>\n\t\t\t<\/dt><\/dl><dl class='gallery-item'>\n\t\t\t<dt class='gallery-icon portrait'>\n\t\t\t\t<a href='https:\/\/www.gravuragaleria.com.br\/wp-content\/uploads\/2012\/03\/Erico-Santos.jpg'><img loading=\"lazy\" decoding=\"async\" width=\"80\" height=\"80\" src=\"https:\/\/www.gravuragaleria.com.br\/wp-content\/uploads\/2012\/03\/Erico-Santos-80x80.jpg\" class=\"attachment-thumbnail size-thumbnail\" alt=\"\" srcset=\"https:\/\/www.gravuragaleria.com.br\/wp-content\/uploads\/2012\/03\/Erico-Santos-80x80.jpg 80w, https:\/\/www.gravuragaleria.com.br\/wp-content\/uploads\/2012\/03\/Erico-Santos-36x36.jpg 36w, https:\/\/www.gravuragaleria.com.br\/wp-content\/uploads\/2012\/03\/Erico-Santos-180x180.jpg 180w, https:\/\/www.gravuragaleria.com.br\/wp-content\/uploads\/2012\/03\/Erico-Santos-120x120.jpg 120w, https:\/\/www.gravuragaleria.com.br\/wp-content\/uploads\/2012\/03\/Erico-Santos-450x450.jpg 450w\" sizes=\"auto, (max-width: 80px) 100vw, 80px\" \/><\/a>\n\t\t\t<\/dt><\/dl><dl class='gallery-item'>\n\t\t\t<dt class='gallery-icon landscape'>\n\t\t\t\t<a href='https:\/\/www.gravuragaleria.com.br\/wp-content\/uploads\/2012\/03\/Fachada-2.jpg'><img loading=\"lazy\" decoding=\"async\" width=\"80\" height=\"80\" src=\"https:\/\/www.gravuragaleria.com.br\/wp-content\/uploads\/2012\/03\/Fachada-2-80x80.jpg\" class=\"attachment-thumbnail size-thumbnail\" alt=\"\" srcset=\"https:\/\/www.gravuragaleria.com.br\/wp-content\/uploads\/2012\/03\/Fachada-2-80x80.jpg 80w, https:\/\/www.gravuragaleria.com.br\/wp-content\/uploads\/2012\/03\/Fachada-2-36x36.jpg 36w, https:\/\/www.gravuragaleria.com.br\/wp-content\/uploads\/2012\/03\/Fachada-2-180x180.jpg 180w, https:\/\/www.gravuragaleria.com.br\/wp-content\/uploads\/2012\/03\/Fachada-2-120x120.jpg 120w, https:\/\/www.gravuragaleria.com.br\/wp-content\/uploads\/2012\/03\/Fachada-2-450x450.jpg 450w\" sizes=\"auto, (max-width: 80px) 100vw, 80px\" \/><\/a>\n\t\t\t<\/dt><\/dl><dl class='gallery-item'>\n\t\t\t<dt class='gallery-icon portrait'>\n\t\t\t\t<a href='https:\/\/www.gravuragaleria.com.br\/wp-content\/uploads\/2012\/03\/Helena-Francisconi-50x70.jpg'><img loading=\"lazy\" decoding=\"async\" width=\"80\" height=\"80\" src=\"https:\/\/www.gravuragaleria.com.br\/wp-content\/uploads\/2012\/03\/Helena-Francisconi-50x70-80x80.jpg\" class=\"attachment-thumbnail size-thumbnail\" alt=\"\" srcset=\"https:\/\/www.gravuragaleria.com.br\/wp-content\/uploads\/2012\/03\/Helena-Francisconi-50x70-80x80.jpg 80w, https:\/\/www.gravuragaleria.com.br\/wp-content\/uploads\/2012\/03\/Helena-Francisconi-50x70-36x36.jpg 36w, https:\/\/www.gravuragaleria.com.br\/wp-content\/uploads\/2012\/03\/Helena-Francisconi-50x70-180x180.jpg 180w, https:\/\/www.gravuragaleria.com.br\/wp-content\/uploads\/2012\/03\/Helena-Francisconi-50x70-429x423.jpg 429w, https:\/\/www.gravuragaleria.com.br\/wp-content\/uploads\/2012\/03\/Helena-Francisconi-50x70-120x120.jpg 120w\" sizes=\"auto, (max-width: 80px) 100vw, 80px\" \/><\/a>\n\t\t\t<\/dt><\/dl><dl class='gallery-item'>\n\t\t\t<dt class='gallery-icon landscape'>\n\t\t\t\t<a href='https:\/\/www.gravuragaleria.com.br\/wp-content\/uploads\/2012\/03\/Helena-Francisconi-1.jpg'><img loading=\"lazy\" decoding=\"async\" width=\"80\" height=\"80\" src=\"https:\/\/www.gravuragaleria.com.br\/wp-content\/uploads\/2012\/03\/Helena-Francisconi-1-80x80.jpg\" class=\"attachment-thumbnail size-thumbnail\" alt=\"\" srcset=\"https:\/\/www.gravuragaleria.com.br\/wp-content\/uploads\/2012\/03\/Helena-Francisconi-1-80x80.jpg 80w, https:\/\/www.gravuragaleria.com.br\/wp-content\/uploads\/2012\/03\/Helena-Francisconi-1-300x300.jpg 300w, https:\/\/www.gravuragaleria.com.br\/wp-content\/uploads\/2012\/03\/Helena-Francisconi-1-768x767.jpg 768w, https:\/\/www.gravuragaleria.com.br\/wp-content\/uploads\/2012\/03\/Helena-Francisconi-1-36x36.jpg 36w, https:\/\/www.gravuragaleria.com.br\/wp-content\/uploads\/2012\/03\/Helena-Francisconi-1-180x180.jpg 180w, https:\/\/www.gravuragaleria.com.br\/wp-content\/uploads\/2012\/03\/Helena-Francisconi-1-705x705.jpg 705w, https:\/\/www.gravuragaleria.com.br\/wp-content\/uploads\/2012\/03\/Helena-Francisconi-1-120x120.jpg 120w, https:\/\/www.gravuragaleria.com.br\/wp-content\/uploads\/2012\/03\/Helena-Francisconi-1-450x450.jpg 450w, https:\/\/www.gravuragaleria.com.br\/wp-content\/uploads\/2012\/03\/Helena-Francisconi-1.jpg 1007w\" sizes=\"auto, (max-width: 80px) 100vw, 80px\" \/><\/a>\n\t\t\t<\/dt><\/dl><dl class='gallery-item'>\n\t\t\t<dt class='gallery-icon portrait'>\n\t\t\t\t<a href='https:\/\/www.gravuragaleria.com.br\/wp-content\/uploads\/2012\/03\/Marai-in\u00eas-Rodrigues.jpg'><img loading=\"lazy\" decoding=\"async\" width=\"80\" height=\"80\" src=\"https:\/\/www.gravuragaleria.com.br\/wp-content\/uploads\/2012\/03\/Marai-in\u00eas-Rodrigues-80x80.jpg\" class=\"attachment-thumbnail size-thumbnail\" alt=\"\" srcset=\"https:\/\/www.gravuragaleria.com.br\/wp-content\/uploads\/2012\/03\/Marai-in\u00eas-Rodrigues-80x80.jpg 80w, https:\/\/www.gravuragaleria.com.br\/wp-content\/uploads\/2012\/03\/Marai-in\u00eas-Rodrigues-36x36.jpg 36w, https:\/\/www.gravuragaleria.com.br\/wp-content\/uploads\/2012\/03\/Marai-in\u00eas-Rodrigues-180x180.jpg 180w, https:\/\/www.gravuragaleria.com.br\/wp-content\/uploads\/2012\/03\/Marai-in\u00eas-Rodrigues-120x120.jpg 120w, https:\/\/www.gravuragaleria.com.br\/wp-content\/uploads\/2012\/03\/Marai-in\u00eas-Rodrigues-450x450.jpg 450w\" sizes=\"auto, (max-width: 80px) 100vw, 80px\" \/><\/a>\n\t\t\t<\/dt><\/dl><dl class='gallery-item'>\n\t\t\t<dt class='gallery-icon landscape'>\n\t\t\t\t<a href='https:\/\/www.gravuragaleria.com.br\/wp-content\/uploads\/2012\/03\/M\u00e1rcia-Marostega.jpg'><img loading=\"lazy\" decoding=\"async\" width=\"80\" height=\"80\" src=\"https:\/\/www.gravuragaleria.com.br\/wp-content\/uploads\/2012\/03\/M\u00e1rcia-Marostega-80x80.jpg\" class=\"attachment-thumbnail size-thumbnail\" alt=\"\" srcset=\"https:\/\/www.gravuragaleria.com.br\/wp-content\/uploads\/2012\/03\/M\u00e1rcia-Marostega-80x80.jpg 80w, https:\/\/www.gravuragaleria.com.br\/wp-content\/uploads\/2012\/03\/M\u00e1rcia-Marostega-36x36.jpg 36w, https:\/\/www.gravuragaleria.com.br\/wp-content\/uploads\/2012\/03\/M\u00e1rcia-Marostega-180x180.jpg 180w, https:\/\/www.gravuragaleria.com.br\/wp-content\/uploads\/2012\/03\/M\u00e1rcia-Marostega-120x120.jpg 120w, https:\/\/www.gravuragaleria.com.br\/wp-content\/uploads\/2012\/03\/M\u00e1rcia-Marostega-450x450.jpg 450w\" sizes=\"auto, (max-width: 80px) 100vw, 80px\" \/><\/a>\n\t\t\t<\/dt><\/dl><dl class='gallery-item'>\n\t\t\t<dt class='gallery-icon landscape'>\n\t\t\t\t<a href='https:\/\/www.gravuragaleria.com.br\/wp-content\/uploads\/2012\/03\/Maria-Luiza-Cangeri.jpg'><img loading=\"lazy\" decoding=\"async\" width=\"80\" height=\"80\" src=\"https:\/\/www.gravuragaleria.com.br\/wp-content\/uploads\/2012\/03\/Maria-Luiza-Cangeri-80x80.jpg\" class=\"attachment-thumbnail size-thumbnail\" alt=\"\" srcset=\"https:\/\/www.gravuragaleria.com.br\/wp-content\/uploads\/2012\/03\/Maria-Luiza-Cangeri-80x80.jpg 80w, https:\/\/www.gravuragaleria.com.br\/wp-content\/uploads\/2012\/03\/Maria-Luiza-Cangeri-36x36.jpg 36w, https:\/\/www.gravuragaleria.com.br\/wp-content\/uploads\/2012\/03\/Maria-Luiza-Cangeri-180x180.jpg 180w, https:\/\/www.gravuragaleria.com.br\/wp-content\/uploads\/2012\/03\/Maria-Luiza-Cangeri-120x120.jpg 120w, https:\/\/www.gravuragaleria.com.br\/wp-content\/uploads\/2012\/03\/Maria-Luiza-Cangeri-450x450.jpg 450w\" sizes=\"auto, (max-width: 80px) 100vw, 80px\" \/><\/a>\n\t\t\t<\/dt><\/dl><br style=\"clear: both\" \/><dl class='gallery-item'>\n\t\t\t<dt class='gallery-icon landscape'>\n\t\t\t\t<a href='https:\/\/www.gravuragaleria.com.br\/wp-content\/uploads\/2012\/03\/Mar\u00edlia-Chartune.jpg'><img loading=\"lazy\" decoding=\"async\" width=\"80\" height=\"80\" src=\"https:\/\/www.gravuragaleria.com.br\/wp-content\/uploads\/2012\/03\/Mar\u00edlia-Chartune-80x80.jpg\" class=\"attachment-thumbnail size-thumbnail\" alt=\"\" srcset=\"https:\/\/www.gravuragaleria.com.br\/wp-content\/uploads\/2012\/03\/Mar\u00edlia-Chartune-80x80.jpg 80w, https:\/\/www.gravuragaleria.com.br\/wp-content\/uploads\/2012\/03\/Mar\u00edlia-Chartune-36x36.jpg 36w, https:\/\/www.gravuragaleria.com.br\/wp-content\/uploads\/2012\/03\/Mar\u00edlia-Chartune-180x180.jpg 180w, https:\/\/www.gravuragaleria.com.br\/wp-content\/uploads\/2012\/03\/Mar\u00edlia-Chartune-120x120.jpg 120w, https:\/\/www.gravuragaleria.com.br\/wp-content\/uploads\/2012\/03\/Mar\u00edlia-Chartune-450x450.jpg 450w\" sizes=\"auto, (max-width: 80px) 100vw, 80px\" \/><\/a>\n\t\t\t<\/dt><\/dl><dl class='gallery-item'>\n\t\t\t<dt class='gallery-icon portrait'>\n\t\t\t\t<a href='https:\/\/www.gravuragaleria.com.br\/wp-content\/uploads\/2012\/03\/Marion-Lunke.jpg'><img loading=\"lazy\" decoding=\"async\" width=\"80\" height=\"80\" src=\"https:\/\/www.gravuragaleria.com.br\/wp-content\/uploads\/2012\/03\/Marion-Lunke-80x80.jpg\" class=\"attachment-thumbnail size-thumbnail\" alt=\"\" srcset=\"https:\/\/www.gravuragaleria.com.br\/wp-content\/uploads\/2012\/03\/Marion-Lunke-80x80.jpg 80w, https:\/\/www.gravuragaleria.com.br\/wp-content\/uploads\/2012\/03\/Marion-Lunke-297x300.jpg 297w, https:\/\/www.gravuragaleria.com.br\/wp-content\/uploads\/2012\/03\/Marion-Lunke-768x776.jpg 768w, https:\/\/www.gravuragaleria.com.br\/wp-content\/uploads\/2012\/03\/Marion-Lunke-1020x1030.jpg 1020w, https:\/\/www.gravuragaleria.com.br\/wp-content\/uploads\/2012\/03\/Marion-Lunke-36x36.jpg 36w, https:\/\/www.gravuragaleria.com.br\/wp-content\/uploads\/2012\/03\/Marion-Lunke-180x180.jpg 180w, https:\/\/www.gravuragaleria.com.br\/wp-content\/uploads\/2012\/03\/Marion-Lunke-1485x1500.jpg 1485w, https:\/\/www.gravuragaleria.com.br\/wp-content\/uploads\/2012\/03\/Marion-Lunke-698x705.jpg 698w, https:\/\/www.gravuragaleria.com.br\/wp-content\/uploads\/2012\/03\/Marion-Lunke-120x120.jpg 120w, https:\/\/www.gravuragaleria.com.br\/wp-content\/uploads\/2012\/03\/Marion-Lunke-450x455.jpg 450w\" sizes=\"auto, (max-width: 80px) 100vw, 80px\" \/><\/a>\n\t\t\t<\/dt><\/dl><dl class='gallery-item'>\n\t\t\t<dt class='gallery-icon landscape'>\n\t\t\t\t<a href='https:\/\/www.gravuragaleria.com.br\/wp-content\/uploads\/2012\/03\/Rosali-Plentz.jpg'><img loading=\"lazy\" decoding=\"async\" width=\"80\" height=\"80\" src=\"https:\/\/www.gravuragaleria.com.br\/wp-content\/uploads\/2012\/03\/Rosali-Plentz-80x80.jpg\" class=\"attachment-thumbnail size-thumbnail\" alt=\"\" srcset=\"https:\/\/www.gravuragaleria.com.br\/wp-content\/uploads\/2012\/03\/Rosali-Plentz-80x80.jpg 80w, https:\/\/www.gravuragaleria.com.br\/wp-content\/uploads\/2012\/03\/Rosali-Plentz-36x36.jpg 36w, https:\/\/www.gravuragaleria.com.br\/wp-content\/uploads\/2012\/03\/Rosali-Plentz-180x180.jpg 180w, https:\/\/www.gravuragaleria.com.br\/wp-content\/uploads\/2012\/03\/Rosali-Plentz-120x120.jpg 120w\" sizes=\"auto, (max-width: 80px) 100vw, 80px\" \/><\/a>\n\t\t\t<\/dt><\/dl><dl class='gallery-item'>\n\t\t\t<dt class='gallery-icon landscape'>\n\t\t\t\t<a href='https:\/\/www.gravuragaleria.com.br\/wp-content\/uploads\/2012\/03\/Rosane-Heck-Theisen.jpg'><img loading=\"lazy\" decoding=\"async\" width=\"80\" height=\"80\" src=\"https:\/\/www.gravuragaleria.com.br\/wp-content\/uploads\/2012\/03\/Rosane-Heck-Theisen-80x80.jpg\" class=\"attachment-thumbnail size-thumbnail\" alt=\"\" srcset=\"https:\/\/www.gravuragaleria.com.br\/wp-content\/uploads\/2012\/03\/Rosane-Heck-Theisen-80x80.jpg 80w, https:\/\/www.gravuragaleria.com.br\/wp-content\/uploads\/2012\/03\/Rosane-Heck-Theisen-36x36.jpg 36w, https:\/\/www.gravuragaleria.com.br\/wp-content\/uploads\/2012\/03\/Rosane-Heck-Theisen-180x180.jpg 180w, https:\/\/www.gravuragaleria.com.br\/wp-content\/uploads\/2012\/03\/Rosane-Heck-Theisen-120x120.jpg 120w, https:\/\/www.gravuragaleria.com.br\/wp-content\/uploads\/2012\/03\/Rosane-Heck-Theisen-450x450.jpg 450w\" sizes=\"auto, (max-width: 80px) 100vw, 80px\" \/><\/a>\n\t\t\t<\/dt><\/dl><dl class='gallery-item'>\n\t\t\t<dt class='gallery-icon landscape'>\n\t\t\t\t<a href='https:\/\/www.gravuragaleria.com.br\/wp-content\/uploads\/2012\/03\/Roseli-Deon.jpg'><img loading=\"lazy\" decoding=\"async\" width=\"80\" height=\"80\" src=\"https:\/\/www.gravuragaleria.com.br\/wp-content\/uploads\/2012\/03\/Roseli-Deon-80x80.jpg\" class=\"attachment-thumbnail size-thumbnail\" alt=\"\" srcset=\"https:\/\/www.gravuragaleria.com.br\/wp-content\/uploads\/2012\/03\/Roseli-Deon-80x80.jpg 80w, https:\/\/www.gravuragaleria.com.br\/wp-content\/uploads\/2012\/03\/Roseli-Deon-300x300.jpg 300w, https:\/\/www.gravuragaleria.com.br\/wp-content\/uploads\/2012\/03\/Roseli-Deon-768x766.jpg 768w, https:\/\/www.gravuragaleria.com.br\/wp-content\/uploads\/2012\/03\/Roseli-Deon-1030x1028.jpg 1030w, https:\/\/www.gravuragaleria.com.br\/wp-content\/uploads\/2012\/03\/Roseli-Deon-36x36.jpg 36w, https:\/\/www.gravuragaleria.com.br\/wp-content\/uploads\/2012\/03\/Roseli-Deon-180x180.jpg 180w, https:\/\/www.gravuragaleria.com.br\/wp-content\/uploads\/2012\/03\/Roseli-Deon-1500x1497.jpg 1500w, https:\/\/www.gravuragaleria.com.br\/wp-content\/uploads\/2012\/03\/Roseli-Deon-705x703.jpg 705w, https:\/\/www.gravuragaleria.com.br\/wp-content\/uploads\/2012\/03\/Roseli-Deon-120x120.jpg 120w, https:\/\/www.gravuragaleria.com.br\/wp-content\/uploads\/2012\/03\/Roseli-Deon-450x449.jpg 450w\" sizes=\"auto, (max-width: 80px) 100vw, 80px\" \/><\/a>\n\t\t\t<\/dt><\/dl><dl class='gallery-item'>\n\t\t\t<dt class='gallery-icon landscape'>\n\t\t\t\t<a href='https:\/\/www.gravuragaleria.com.br\/wp-content\/uploads\/2012\/03\/Susana-Luft.jpg'><img loading=\"lazy\" decoding=\"async\" width=\"80\" height=\"80\" src=\"https:\/\/www.gravuragaleria.com.br\/wp-content\/uploads\/2012\/03\/Susana-Luft-80x80.jpg\" class=\"attachment-thumbnail size-thumbnail\" alt=\"\" srcset=\"https:\/\/www.gravuragaleria.com.br\/wp-content\/uploads\/2012\/03\/Susana-Luft-80x80.jpg 80w, https:\/\/www.gravuragaleria.com.br\/wp-content\/uploads\/2012\/03\/Susana-Luft-36x36.jpg 36w, https:\/\/www.gravuragaleria.com.br\/wp-content\/uploads\/2012\/03\/Susana-Luft-180x180.jpg 180w, https:\/\/www.gravuragaleria.com.br\/wp-content\/uploads\/2012\/03\/Susana-Luft-120x120.jpg 120w, https:\/\/www.gravuragaleria.com.br\/wp-content\/uploads\/2012\/03\/Susana-Luft-450x450.jpg 450w\" sizes=\"auto, (max-width: 80px) 100vw, 80px\" \/><\/a>\n\t\t\t<\/dt><\/dl><dl class='gallery-item'>\n\t\t\t<dt class='gallery-icon landscape'>\n\t\t\t\t<a href='https:\/\/www.gravuragaleria.com.br\/wp-content\/uploads\/2012\/03\/Suzi-Etchepare.jpg'><img loading=\"lazy\" decoding=\"async\" width=\"80\" height=\"80\" src=\"https:\/\/www.gravuragaleria.com.br\/wp-content\/uploads\/2012\/03\/Suzi-Etchepare-80x80.jpg\" class=\"attachment-thumbnail size-thumbnail\" alt=\"\" srcset=\"https:\/\/www.gravuragaleria.com.br\/wp-content\/uploads\/2012\/03\/Suzi-Etchepare-80x80.jpg 80w, https:\/\/www.gravuragaleria.com.br\/wp-content\/uploads\/2012\/03\/Suzi-Etchepare-36x36.jpg 36w, https:\/\/www.gravuragaleria.com.br\/wp-content\/uploads\/2012\/03\/Suzi-Etchepare-180x180.jpg 180w, https:\/\/www.gravuragaleria.com.br\/wp-content\/uploads\/2012\/03\/Suzi-Etchepare-120x120.jpg 120w, https:\/\/www.gravuragaleria.com.br\/wp-content\/uploads\/2012\/03\/Suzi-Etchepare-450x450.jpg 450w\" sizes=\"auto, (max-width: 80px) 100vw, 80px\" \/><\/a>\n\t\t\t<\/dt><\/dl><dl class='gallery-item'>\n\t\t\t<dt class='gallery-icon landscape'>\n\t\t\t\t<a href='https:\/\/www.gravuragaleria.com.br\/wp-content\/uploads\/2012\/03\/Traudi-Meurer.jpg'><img loading=\"lazy\" decoding=\"async\" width=\"80\" height=\"80\" src=\"https:\/\/www.gravuragaleria.com.br\/wp-content\/uploads\/2012\/03\/Traudi-Meurer-80x80.jpg\" class=\"attachment-thumbnail size-thumbnail\" alt=\"\" srcset=\"https:\/\/www.gravuragaleria.com.br\/wp-content\/uploads\/2012\/03\/Traudi-Meurer-80x80.jpg 80w, https:\/\/www.gravuragaleria.com.br\/wp-content\/uploads\/2012\/03\/Traudi-Meurer-36x36.jpg 36w, https:\/\/www.gravuragaleria.com.br\/wp-content\/uploads\/2012\/03\/Traudi-Meurer-180x180.jpg 180w, https:\/\/www.gravuragaleria.com.br\/wp-content\/uploads\/2012\/03\/Traudi-Meurer-120x120.jpg 120w, https:\/\/www.gravuragaleria.com.br\/wp-content\/uploads\/2012\/03\/Traudi-Meurer-450x450.jpg 450w\" sizes=\"auto, (max-width: 80px) 100vw, 80px\" \/><\/a>\n\t\t\t<\/dt><\/dl><br style=\"clear: both\" \/><dl class='gallery-item'>\n\t\t\t<dt class='gallery-icon landscape'>\n\t\t\t\t<a href='https:\/\/www.gravuragaleria.com.br\/wp-content\/uploads\/2012\/03\/V\u00e2nia-Kwitko.jpg'><img loading=\"lazy\" decoding=\"async\" width=\"80\" height=\"80\" src=\"https:\/\/www.gravuragaleria.com.br\/wp-content\/uploads\/2012\/03\/V\u00e2nia-Kwitko-80x80.jpg\" class=\"attachment-thumbnail size-thumbnail\" alt=\"\" srcset=\"https:\/\/www.gravuragaleria.com.br\/wp-content\/uploads\/2012\/03\/V\u00e2nia-Kwitko-80x80.jpg 80w, https:\/\/www.gravuragaleria.com.br\/wp-content\/uploads\/2012\/03\/V\u00e2nia-Kwitko-36x36.jpg 36w, https:\/\/www.gravuragaleria.com.br\/wp-content\/uploads\/2012\/03\/V\u00e2nia-Kwitko-180x180.jpg 180w, https:\/\/www.gravuragaleria.com.br\/wp-content\/uploads\/2012\/03\/V\u00e2nia-Kwitko-120x120.jpg 120w, https:\/\/www.gravuragaleria.com.br\/wp-content\/uploads\/2012\/03\/V\u00e2nia-Kwitko-450x450.jpg 450w\" sizes=\"auto, (max-width: 80px) 100vw, 80px\" \/><\/a>\n\t\t\t<\/dt><\/dl><dl class='gallery-item'>\n\t\t\t<dt class='gallery-icon portrait'>\n\t\t\t\t<a href='https:\/\/www.gravuragaleria.com.br\/wp-content\/uploads\/2012\/03\/Vera-Maria-Hemb-Becker.jpg'><img loading=\"lazy\" decoding=\"async\" width=\"80\" height=\"80\" src=\"https:\/\/www.gravuragaleria.com.br\/wp-content\/uploads\/2012\/03\/Vera-Maria-Hemb-Becker-80x80.jpg\" class=\"attachment-thumbnail size-thumbnail\" alt=\"\" srcset=\"https:\/\/www.gravuragaleria.com.br\/wp-content\/uploads\/2012\/03\/Vera-Maria-Hemb-Becker-80x80.jpg 80w, https:\/\/www.gravuragaleria.com.br\/wp-content\/uploads\/2012\/03\/Vera-Maria-Hemb-Becker-36x36.jpg 36w, https:\/\/www.gravuragaleria.com.br\/wp-content\/uploads\/2012\/03\/Vera-Maria-Hemb-Becker-180x180.jpg 180w, https:\/\/www.gravuragaleria.com.br\/wp-content\/uploads\/2012\/03\/Vera-Maria-Hemb-Becker-419x423.jpg 419w, https:\/\/www.gravuragaleria.com.br\/wp-content\/uploads\/2012\/03\/Vera-Maria-Hemb-Becker-120x120.jpg 120w\" sizes=\"auto, (max-width: 80px) 100vw, 80px\" \/><\/a>\n\t\t\t<\/dt><\/dl><dl class='gallery-item'>\n\t\t\t<dt class='gallery-icon portrait'>\n\t\t\t\t<a href='https:\/\/www.gravuragaleria.com.br\/wp-content\/uploads\/2012\/03\/Victor-Hugo-Porto.jpg'><img loading=\"lazy\" decoding=\"async\" width=\"80\" height=\"80\" src=\"https:\/\/www.gravuragaleria.com.br\/wp-content\/uploads\/2012\/03\/Victor-Hugo-Porto-80x80.jpg\" class=\"attachment-thumbnail size-thumbnail\" alt=\"\" srcset=\"https:\/\/www.gravuragaleria.com.br\/wp-content\/uploads\/2012\/03\/Victor-Hugo-Porto-80x80.jpg 80w, https:\/\/www.gravuragaleria.com.br\/wp-content\/uploads\/2012\/03\/Victor-Hugo-Porto-300x300.jpg 300w, https:\/\/www.gravuragaleria.com.br\/wp-content\/uploads\/2012\/03\/Victor-Hugo-Porto-768x770.jpg 768w, https:\/\/www.gravuragaleria.com.br\/wp-content\/uploads\/2012\/03\/Victor-Hugo-Porto-1027x1030.jpg 1027w, https:\/\/www.gravuragaleria.com.br\/wp-content\/uploads\/2012\/03\/Victor-Hugo-Porto-36x36.jpg 36w, https:\/\/www.gravuragaleria.com.br\/wp-content\/uploads\/2012\/03\/Victor-Hugo-Porto-180x180.jpg 180w, https:\/\/www.gravuragaleria.com.br\/wp-content\/uploads\/2012\/03\/Victor-Hugo-Porto-1495x1500.jpg 1495w, https:\/\/www.gravuragaleria.com.br\/wp-content\/uploads\/2012\/03\/Victor-Hugo-Porto-703x705.jpg 703w, https:\/\/www.gravuragaleria.com.br\/wp-content\/uploads\/2012\/03\/Victor-Hugo-Porto-120x120.jpg 120w, https:\/\/www.gravuragaleria.com.br\/wp-content\/uploads\/2012\/03\/Victor-Hugo-Porto-450x451.jpg 450w, https:\/\/www.gravuragaleria.com.br\/wp-content\/uploads\/2012\/03\/Victor-Hugo-Porto.jpg 1581w\" sizes=\"auto, (max-width: 80px) 100vw, 80px\" \/><\/a>\n\t\t\t<\/dt><\/dl>\n\t\t\t<br style='clear: both' \/>\n\t\t<\/div>\n\n","protected":false},"excerpt":{"rendered":"<p>A partir do dia 12 de novembro, a Gravura Galeria d\u00e1 in\u00edcio ao ciclo de exposi\u00e7\u00f5es Atl\u00e2ntida Arte 2012. O projeto, uma parceria com a Aria Design de M\u00f3veis, leva a produ\u00e7\u00e3o de v\u00e1rios artistas para o litoral ga\u00facho no per\u00edodo de ver\u00e3o, sendo um atrativo a mais para quem circula pelas praias. A mostra [&hellip;]<\/p>\n","protected":false},"author":2,"featured_media":5964,"comment_status":"closed","ping_status":"closed","sticky":false,"template":"","format":"standard","meta":{"footnotes":""},"categories":[5],"tags":[],"class_list":["post-1879","post","type-post","status-publish","format-standard","has-post-thumbnail","hentry","category-atlantida-arte"],"_links":{"self":[{"href":"https:\/\/www.gravuragaleria.com.br\/index.php?rest_route=\/wp\/v2\/posts\/1879","targetHints":{"allow":["GET"]}}],"collection":[{"href":"https:\/\/www.gravuragaleria.com.br\/index.php?rest_route=\/wp\/v2\/posts"}],"about":[{"href":"https:\/\/www.gravuragaleria.com.br\/index.php?rest_route=\/wp\/v2\/types\/post"}],"author":[{"embeddable":true,"href":"https:\/\/www.gravuragaleria.com.br\/index.php?rest_route=\/wp\/v2\/users\/2"}],"replies":[{"embeddable":true,"href":"https:\/\/www.gravuragaleria.com.br\/index.php?rest_route=%2Fwp%2Fv2%2Fcomments&post=1879"}],"version-history":[{"count":5,"href":"https:\/\/www.gravuragaleria.com.br\/index.php?rest_route=\/wp\/v2\/posts\/1879\/revisions"}],"predecessor-version":[{"id":7363,"href":"https:\/\/www.gravuragaleria.com.br\/index.php?rest_route=\/wp\/v2\/posts\/1879\/revisions\/7363"}],"wp:featuredmedia":[{"embeddable":true,"href":"https:\/\/www.gravuragaleria.com.br\/index.php?rest_route=\/wp\/v2\/media\/5964"}],"wp:attachment":[{"href":"https:\/\/www.gravuragaleria.com.br\/index.php?rest_route=%2Fwp%2Fv2%2Fmedia&parent=1879"}],"wp:term":[{"taxonomy":"category","embeddable":true,"href":"https:\/\/www.gravuragaleria.com.br\/index.php?rest_route=%2Fwp%2Fv2%2Fcategories&post=1879"},{"taxonomy":"post_tag","embeddable":true,"href":"https:\/\/www.gravuragaleria.com.br\/index.php?rest_route=%2Fwp%2Fv2%2Ftags&post=1879"}],"curies":[{"name":"wp","href":"https:\/\/api.w.org\/{rel}","templated":true}]}}