{"id":1095,"date":"2008-02-29T10:53:53","date_gmt":"2008-02-29T13:53:53","guid":{"rendered":"http:\/\/gravuragaleria1.tempsite.ws\/?p=1095"},"modified":"2018-08-17T15:32:48","modified_gmt":"2018-08-17T18:32:48","slug":"5a-edicao-do-ciclo-de-exposicoes-atlantida-arte-2008","status":"publish","type":"post","link":"https:\/\/www.gravuragaleria.com.br\/?p=1095","title":{"rendered":"5\u00aa edi\u00e7\u00e3o do Ciclo de Exposi\u00e7\u00f5es Atl\u00e2ntida Arte 2008"},"content":{"rendered":"<p>A Gravura Galeria de Arte estar\u00e1 movimentando o panorama art\u00edstico do litoral norte neste ver\u00e3o com a 5\u00aa edi\u00e7\u00e3o do Ciclo de Exposi\u00e7\u00f5es Atl\u00e2ntida Arte 2008.<\/p>\n<p>\u201cEstaremos promovendo excelentes op\u00e7\u00f5es culturais no per\u00edodo de f\u00e9rias em nosso litoral. A exemplo dos quatro anos anteriores, os veranistas poder\u00e3o visitar exposi\u00e7\u00f5es de arte todas as semanas, numa programa\u00e7\u00e3o intensa\u201d, afirma uma das propriet\u00e1rias da galeria a arquiteta Regina Galbinski.<\/p>\n<p>A arquiteta Renata Galbinski, tamb\u00e9m propriet\u00e1ria da galeria, afirma que \u201cesta iniciativa j\u00e1 est\u00e1 consagrada, a Galeria Gravura estar\u00e1 instalada no mesmo local de destaque no centro de Atl\u00e2ntida\u201d.<\/p>\n<p>A partir de 29 de dezembro at\u00e9 29 de fevereiro, est\u00e3o programadas 8 exposi\u00e7\u00f5es coletivas.<\/p>\n<p>Os artistas participantes do Ciclo s\u00e3o: Am\u00e1lia Dib, Ana Caroline Becker, Andr\u00e9a Schul, \u00c2ngela Z\u00e1ffari, Armando Gonzalez, Benno Pferscher, Biba Mattos, Breno Nora, Carmen Vera Guimar\u00e3es, Corali Cardoso, Eliane Magnani, Erico Santos, Esther Bianco, Flora Souza, In\u00e1 Prolo, In\u00eas Benetti, L\u00edlia Sentinger Manfroi, Lorena Steiner, Magda Elwanger, Margarida Stein, Maria In\u00eas Rodrigues, Maria Luiza Cangeri, Marion Lunke, Perla Graeff, Rosane Heck Theisen, Roseli Deon, Susana Luft, Suzi Etchepare, V\u00e2nia Kwitko, Vera Dornelles, V\u00e9ra Maria Hemb Becker, Vera Reichert, Victor Hugo Porto al\u00e9m do designer de j\u00f3ias Ralf Schinke.<\/p>\n<p>Evento: Ciclo de Exposi\u00e7\u00f5es Atl\u00e2ntida Arte 2008<br \/>\nLocal : Galeria Gravura \u2013 Av. Central 17, loja 17 \u2013 Atl\u00e2ntida \u2013 91765391 \u2013 http:\/\/www.gravuragaleria.com.br\/<br \/>\nDura\u00e7\u00e3o : de 29 de dezembro de 2006 a 29 de fevereiro de 2008<br \/>\nHor\u00e1rio: ter\u00e7as e quartas das 16h \u00e0s 22h, de quintas a domingos das 15 \u00e0s 24h.<\/p>\n<p>&nbsp;<\/p>\n\n\t\t<style type=\"text\/css\">\n\t\t\t#gallery-1 {\n\t\t\t\tmargin: auto;\n\t\t\t}\n\t\t\t#gallery-1 .gallery-item {\n\t\t\t\tfloat: left;\n\t\t\t\tmargin-top: 10px;\n\t\t\t\ttext-align: center;\n\t\t\t\twidth: 20%;\n\t\t\t}\n\t\t\t#gallery-1 img {\n\t\t\t\tborder: 2px solid #cfcfcf;\n\t\t\t}\n\t\t\t#gallery-1 .gallery-caption {\n\t\t\t\tmargin-left: 0;\n\t\t\t}\n\t\t\t\/* see gallery_shortcode() in wp-includes\/media.php *\/\n\t\t<\/style>\n\t\t<div id='gallery-1' class='gallery galleryid-1095 gallery-columns-5 gallery-size-thumbnail'><dl class='gallery-item'>\n\t\t\t<dt class='gallery-icon landscape'>\n\t\t\t\t<a href='https:\/\/www.gravuragaleria.com.br\/wp-content\/uploads\/2008\/02\/Roseli-Melnick-Sheila-Schul-Regina-Galbinski-p-730753.jpg'><img loading=\"lazy\" decoding=\"async\" width=\"80\" height=\"80\" src=\"https:\/\/www.gravuragaleria.com.br\/wp-content\/uploads\/2008\/02\/Roseli-Melnick-Sheila-Schul-Regina-Galbinski-p-730753-80x80.jpg\" class=\"attachment-thumbnail size-thumbnail\" alt=\"\" srcset=\"https:\/\/www.gravuragaleria.com.br\/wp-content\/uploads\/2008\/02\/Roseli-Melnick-Sheila-Schul-Regina-Galbinski-p-730753-80x80.jpg 80w, https:\/\/www.gravuragaleria.com.br\/wp-content\/uploads\/2008\/02\/Roseli-Melnick-Sheila-Schul-Regina-Galbinski-p-730753-36x36.jpg 36w, https:\/\/www.gravuragaleria.com.br\/wp-content\/uploads\/2008\/02\/Roseli-Melnick-Sheila-Schul-Regina-Galbinski-p-730753-180x180.jpg 180w, https:\/\/www.gravuragaleria.com.br\/wp-content\/uploads\/2008\/02\/Roseli-Melnick-Sheila-Schul-Regina-Galbinski-p-730753-120x120.jpg 120w, https:\/\/www.gravuragaleria.com.br\/wp-content\/uploads\/2008\/02\/Roseli-Melnick-Sheila-Schul-Regina-Galbinski-p-730753-450x450.jpg 450w\" sizes=\"auto, (max-width: 80px) 100vw, 80px\" \/><\/a>\n\t\t\t<\/dt><\/dl><dl class='gallery-item'>\n\t\t\t<dt class='gallery-icon landscape'>\n\t\t\t\t<a href='https:\/\/www.gravuragaleria.com.br\/wp-content\/uploads\/2008\/02\/L\u00edlia-Manfroi-marido-filho-e-Regina-Galbinski.jpg'><img loading=\"lazy\" decoding=\"async\" width=\"80\" height=\"80\" src=\"https:\/\/www.gravuragaleria.com.br\/wp-content\/uploads\/2008\/02\/L\u00edlia-Manfroi-marido-filho-e-Regina-Galbinski-80x80.jpg\" class=\"attachment-thumbnail size-thumbnail\" alt=\"\" srcset=\"https:\/\/www.gravuragaleria.com.br\/wp-content\/uploads\/2008\/02\/L\u00edlia-Manfroi-marido-filho-e-Regina-Galbinski-80x80.jpg 80w, https:\/\/www.gravuragaleria.com.br\/wp-content\/uploads\/2008\/02\/L\u00edlia-Manfroi-marido-filho-e-Regina-Galbinski-36x36.jpg 36w, https:\/\/www.gravuragaleria.com.br\/wp-content\/uploads\/2008\/02\/L\u00edlia-Manfroi-marido-filho-e-Regina-Galbinski-180x180.jpg 180w, https:\/\/www.gravuragaleria.com.br\/wp-content\/uploads\/2008\/02\/L\u00edlia-Manfroi-marido-filho-e-Regina-Galbinski-120x120.jpg 120w, https:\/\/www.gravuragaleria.com.br\/wp-content\/uploads\/2008\/02\/L\u00edlia-Manfroi-marido-filho-e-Regina-Galbinski-450x450.jpg 450w\" sizes=\"auto, (max-width: 80px) 100vw, 80px\" \/><\/a>\n\t\t\t<\/dt><\/dl><dl class='gallery-item'>\n\t\t\t<dt class='gallery-icon landscape'>\n\t\t\t\t<a href='https:\/\/www.gravuragaleria.com.br\/wp-content\/uploads\/2008\/02\/L\u00edlia-Manfroimaridofilho-com-Regina-Galbinski-2.jpg'><img loading=\"lazy\" decoding=\"async\" width=\"80\" height=\"80\" src=\"https:\/\/www.gravuragaleria.com.br\/wp-content\/uploads\/2008\/02\/L\u00edlia-Manfroimaridofilho-com-Regina-Galbinski-2-80x80.jpg\" class=\"attachment-thumbnail size-thumbnail\" alt=\"\" srcset=\"https:\/\/www.gravuragaleria.com.br\/wp-content\/uploads\/2008\/02\/L\u00edlia-Manfroimaridofilho-com-Regina-Galbinski-2-80x80.jpg 80w, https:\/\/www.gravuragaleria.com.br\/wp-content\/uploads\/2008\/02\/L\u00edlia-Manfroimaridofilho-com-Regina-Galbinski-2-36x36.jpg 36w, https:\/\/www.gravuragaleria.com.br\/wp-content\/uploads\/2008\/02\/L\u00edlia-Manfroimaridofilho-com-Regina-Galbinski-2-180x180.jpg 180w, https:\/\/www.gravuragaleria.com.br\/wp-content\/uploads\/2008\/02\/L\u00edlia-Manfroimaridofilho-com-Regina-Galbinski-2-120x120.jpg 120w, https:\/\/www.gravuragaleria.com.br\/wp-content\/uploads\/2008\/02\/L\u00edlia-Manfroimaridofilho-com-Regina-Galbinski-2-450x450.jpg 450w\" sizes=\"auto, (max-width: 80px) 100vw, 80px\" \/><\/a>\n\t\t\t<\/dt><\/dl><dl class='gallery-item'>\n\t\t\t<dt class='gallery-icon landscape'>\n\t\t\t\t<a href='https:\/\/www.gravuragaleria.com.br\/wp-content\/uploads\/2008\/02\/Panor\u00e2mica-1p.jpg'><img loading=\"lazy\" decoding=\"async\" width=\"80\" height=\"80\" src=\"https:\/\/www.gravuragaleria.com.br\/wp-content\/uploads\/2008\/02\/Panor\u00e2mica-1p-80x80.jpg\" class=\"attachment-thumbnail size-thumbnail\" alt=\"\" srcset=\"https:\/\/www.gravuragaleria.com.br\/wp-content\/uploads\/2008\/02\/Panor\u00e2mica-1p-80x80.jpg 80w, https:\/\/www.gravuragaleria.com.br\/wp-content\/uploads\/2008\/02\/Panor\u00e2mica-1p-36x36.jpg 36w, https:\/\/www.gravuragaleria.com.br\/wp-content\/uploads\/2008\/02\/Panor\u00e2mica-1p-180x180.jpg 180w, https:\/\/www.gravuragaleria.com.br\/wp-content\/uploads\/2008\/02\/Panor\u00e2mica-1p-120x120.jpg 120w, https:\/\/www.gravuragaleria.com.br\/wp-content\/uploads\/2008\/02\/Panor\u00e2mica-1p-450x450.jpg 450w\" sizes=\"auto, (max-width: 80px) 100vw, 80px\" \/><\/a>\n\t\t\t<\/dt><\/dl><dl class='gallery-item'>\n\t\t\t<dt class='gallery-icon landscape'>\n\t\t\t\t<a href='https:\/\/www.gravuragaleria.com.br\/wp-content\/uploads\/2008\/02\/Panor\u00e2mica-2.jpg'><img loading=\"lazy\" decoding=\"async\" width=\"80\" height=\"80\" src=\"https:\/\/www.gravuragaleria.com.br\/wp-content\/uploads\/2008\/02\/Panor\u00e2mica-2-80x80.jpg\" class=\"attachment-thumbnail size-thumbnail\" alt=\"\" srcset=\"https:\/\/www.gravuragaleria.com.br\/wp-content\/uploads\/2008\/02\/Panor\u00e2mica-2-80x80.jpg 80w, https:\/\/www.gravuragaleria.com.br\/wp-content\/uploads\/2008\/02\/Panor\u00e2mica-2-36x36.jpg 36w, https:\/\/www.gravuragaleria.com.br\/wp-content\/uploads\/2008\/02\/Panor\u00e2mica-2-180x180.jpg 180w, https:\/\/www.gravuragaleria.com.br\/wp-content\/uploads\/2008\/02\/Panor\u00e2mica-2-120x120.jpg 120w, https:\/\/www.gravuragaleria.com.br\/wp-content\/uploads\/2008\/02\/Panor\u00e2mica-2-450x450.jpg 450w\" sizes=\"auto, (max-width: 80px) 100vw, 80px\" \/><\/a>\n\t\t\t<\/dt><\/dl><br style=\"clear: both\" \/><dl class='gallery-item'>\n\t\t\t<dt class='gallery-icon landscape'>\n\t\t\t\t<a href='https:\/\/www.gravuragaleria.com.br\/wp-content\/uploads\/2008\/02\/Panor\u00e2mica-3.jpg'><img loading=\"lazy\" decoding=\"async\" width=\"80\" height=\"80\" src=\"https:\/\/www.gravuragaleria.com.br\/wp-content\/uploads\/2008\/02\/Panor\u00e2mica-3-80x80.jpg\" class=\"attachment-thumbnail size-thumbnail\" alt=\"\" srcset=\"https:\/\/www.gravuragaleria.com.br\/wp-content\/uploads\/2008\/02\/Panor\u00e2mica-3-80x80.jpg 80w, https:\/\/www.gravuragaleria.com.br\/wp-content\/uploads\/2008\/02\/Panor\u00e2mica-3-36x36.jpg 36w, https:\/\/www.gravuragaleria.com.br\/wp-content\/uploads\/2008\/02\/Panor\u00e2mica-3-180x180.jpg 180w, https:\/\/www.gravuragaleria.com.br\/wp-content\/uploads\/2008\/02\/Panor\u00e2mica-3-120x120.jpg 120w, https:\/\/www.gravuragaleria.com.br\/wp-content\/uploads\/2008\/02\/Panor\u00e2mica-3-450x450.jpg 450w\" sizes=\"auto, (max-width: 80px) 100vw, 80px\" \/><\/a>\n\t\t\t<\/dt><\/dl><dl class='gallery-item'>\n\t\t\t<dt class='gallery-icon landscape'>\n\t\t\t\t<a href='https:\/\/www.gravuragaleria.com.br\/wp-content\/uploads\/2008\/02\/Regina-Galbinski-Andr\u00e9a-Schul-e-namorado.jpg'><img loading=\"lazy\" decoding=\"async\" width=\"80\" height=\"80\" src=\"https:\/\/www.gravuragaleria.com.br\/wp-content\/uploads\/2008\/02\/Regina-Galbinski-Andr\u00e9a-Schul-e-namorado-80x80.jpg\" class=\"attachment-thumbnail size-thumbnail\" alt=\"\" srcset=\"https:\/\/www.gravuragaleria.com.br\/wp-content\/uploads\/2008\/02\/Regina-Galbinski-Andr\u00e9a-Schul-e-namorado-80x80.jpg 80w, https:\/\/www.gravuragaleria.com.br\/wp-content\/uploads\/2008\/02\/Regina-Galbinski-Andr\u00e9a-Schul-e-namorado-36x36.jpg 36w, https:\/\/www.gravuragaleria.com.br\/wp-content\/uploads\/2008\/02\/Regina-Galbinski-Andr\u00e9a-Schul-e-namorado-180x180.jpg 180w, https:\/\/www.gravuragaleria.com.br\/wp-content\/uploads\/2008\/02\/Regina-Galbinski-Andr\u00e9a-Schul-e-namorado-120x120.jpg 120w, https:\/\/www.gravuragaleria.com.br\/wp-content\/uploads\/2008\/02\/Regina-Galbinski-Andr\u00e9a-Schul-e-namorado-450x450.jpg 450w\" sizes=\"auto, (max-width: 80px) 100vw, 80px\" \/><\/a>\n\t\t\t<\/dt><\/dl><dl class='gallery-item'>\n\t\t\t<dt class='gallery-icon portrait'>\n\t\t\t\t<a href='https:\/\/www.gravuragaleria.com.br\/wp-content\/uploads\/2008\/02\/Sandra-Lunke-e-amigos-2.jpg'><img loading=\"lazy\" decoding=\"async\" width=\"80\" height=\"80\" src=\"https:\/\/www.gravuragaleria.com.br\/wp-content\/uploads\/2008\/02\/Sandra-Lunke-e-amigos-2-80x80.jpg\" class=\"attachment-thumbnail size-thumbnail\" alt=\"\" srcset=\"https:\/\/www.gravuragaleria.com.br\/wp-content\/uploads\/2008\/02\/Sandra-Lunke-e-amigos-2-80x80.jpg 80w, https:\/\/www.gravuragaleria.com.br\/wp-content\/uploads\/2008\/02\/Sandra-Lunke-e-amigos-2-36x36.jpg 36w, https:\/\/www.gravuragaleria.com.br\/wp-content\/uploads\/2008\/02\/Sandra-Lunke-e-amigos-2-180x180.jpg 180w, https:\/\/www.gravuragaleria.com.br\/wp-content\/uploads\/2008\/02\/Sandra-Lunke-e-amigos-2-120x120.jpg 120w, https:\/\/www.gravuragaleria.com.br\/wp-content\/uploads\/2008\/02\/Sandra-Lunke-e-amigos-2-450x450.jpg 450w\" sizes=\"auto, (max-width: 80px) 100vw, 80px\" \/><\/a>\n\t\t\t<\/dt><\/dl><dl class='gallery-item'>\n\t\t\t<dt class='gallery-icon landscape'>\n\t\t\t\t<a href='https:\/\/www.gravuragaleria.com.br\/wp-content\/uploads\/2008\/02\/Atl\u00e2ntida-Arte-2008-frente1.jpg'><img loading=\"lazy\" decoding=\"async\" width=\"80\" height=\"80\" src=\"https:\/\/www.gravuragaleria.com.br\/wp-content\/uploads\/2008\/02\/Atl\u00e2ntida-Arte-2008-frente1-80x80.jpg\" class=\"attachment-thumbnail size-thumbnail\" alt=\"\" srcset=\"https:\/\/www.gravuragaleria.com.br\/wp-content\/uploads\/2008\/02\/Atl\u00e2ntida-Arte-2008-frente1-80x80.jpg 80w, https:\/\/www.gravuragaleria.com.br\/wp-content\/uploads\/2008\/02\/Atl\u00e2ntida-Arte-2008-frente1-36x36.jpg 36w, https:\/\/www.gravuragaleria.com.br\/wp-content\/uploads\/2008\/02\/Atl\u00e2ntida-Arte-2008-frente1-180x180.jpg 180w, https:\/\/www.gravuragaleria.com.br\/wp-content\/uploads\/2008\/02\/Atl\u00e2ntida-Arte-2008-frente1-120x120.jpg 120w\" sizes=\"auto, (max-width: 80px) 100vw, 80px\" \/><\/a>\n\t\t\t<\/dt><\/dl><dl class='gallery-item'>\n\t\t\t<dt class='gallery-icon landscape'>\n\t\t\t\t<a href='https:\/\/www.gravuragaleria.com.br\/wp-content\/uploads\/2008\/02\/Atl\u00e2ntida-Arte-2008-verso1.jpg'><img loading=\"lazy\" decoding=\"async\" width=\"80\" height=\"80\" src=\"https:\/\/www.gravuragaleria.com.br\/wp-content\/uploads\/2008\/02\/Atl\u00e2ntida-Arte-2008-verso1-80x80.jpg\" class=\"attachment-thumbnail size-thumbnail\" alt=\"\" srcset=\"https:\/\/www.gravuragaleria.com.br\/wp-content\/uploads\/2008\/02\/Atl\u00e2ntida-Arte-2008-verso1-80x80.jpg 80w, https:\/\/www.gravuragaleria.com.br\/wp-content\/uploads\/2008\/02\/Atl\u00e2ntida-Arte-2008-verso1-36x36.jpg 36w, https:\/\/www.gravuragaleria.com.br\/wp-content\/uploads\/2008\/02\/Atl\u00e2ntida-Arte-2008-verso1-180x180.jpg 180w, https:\/\/www.gravuragaleria.com.br\/wp-content\/uploads\/2008\/02\/Atl\u00e2ntida-Arte-2008-verso1-120x120.jpg 120w\" sizes=\"auto, (max-width: 80px) 100vw, 80px\" \/><\/a>\n\t\t\t<\/dt><\/dl><br style=\"clear: both\" \/>\n\t\t<\/div>\n\n","protected":false},"excerpt":{"rendered":"<p>A Gravura Galeria de Arte estar\u00e1 movimentando o panorama art\u00edstico do litoral norte neste ver\u00e3o com a 5\u00aa edi\u00e7\u00e3o do Ciclo de Exposi\u00e7\u00f5es Atl\u00e2ntida Arte 2008. \u201cEstaremos promovendo excelentes op\u00e7\u00f5es culturais no per\u00edodo de f\u00e9rias em nosso litoral. A exemplo dos quatro anos anteriores, os veranistas poder\u00e3o visitar exposi\u00e7\u00f5es de arte todas as semanas, numa [&hellip;]<\/p>\n","protected":false},"author":2,"featured_media":7384,"comment_status":"closed","ping_status":"closed","sticky":false,"template":"","format":"standard","meta":{"footnotes":""},"categories":[5],"tags":[],"class_list":["post-1095","post","type-post","status-publish","format-standard","has-post-thumbnail","hentry","category-atlantida-arte"],"_links":{"self":[{"href":"https:\/\/www.gravuragaleria.com.br\/index.php?rest_route=\/wp\/v2\/posts\/1095","targetHints":{"allow":["GET"]}}],"collection":[{"href":"https:\/\/www.gravuragaleria.com.br\/index.php?rest_route=\/wp\/v2\/posts"}],"about":[{"href":"https:\/\/www.gravuragaleria.com.br\/index.php?rest_route=\/wp\/v2\/types\/post"}],"author":[{"embeddable":true,"href":"https:\/\/www.gravuragaleria.com.br\/index.php?rest_route=\/wp\/v2\/users\/2"}],"replies":[{"embeddable":true,"href":"https:\/\/www.gravuragaleria.com.br\/index.php?rest_route=%2Fwp%2Fv2%2Fcomments&post=1095"}],"version-history":[{"count":5,"href":"https:\/\/www.gravuragaleria.com.br\/index.php?rest_route=\/wp\/v2\/posts\/1095\/revisions"}],"predecessor-version":[{"id":7393,"href":"https:\/\/www.gravuragaleria.com.br\/index.php?rest_route=\/wp\/v2\/posts\/1095\/revisions\/7393"}],"wp:featuredmedia":[{"embeddable":true,"href":"https:\/\/www.gravuragaleria.com.br\/index.php?rest_route=\/wp\/v2\/media\/7384"}],"wp:attachment":[{"href":"https:\/\/www.gravuragaleria.com.br\/index.php?rest_route=%2Fwp%2Fv2%2Fmedia&parent=1095"}],"wp:term":[{"taxonomy":"category","embeddable":true,"href":"https:\/\/www.gravuragaleria.com.br\/index.php?rest_route=%2Fwp%2Fv2%2Fcategories&post=1095"},{"taxonomy":"post_tag","embeddable":true,"href":"https:\/\/www.gravuragaleria.com.br\/index.php?rest_route=%2Fwp%2Fv2%2Ftags&post=1095"}],"curies":[{"name":"wp","href":"https:\/\/api.w.org\/{rel}","templated":true}]}}